{"id":883,"date":"2012-06-29T23:12:18","date_gmt":"2012-06-29T21:12:18","guid":{"rendered":"http:\/\/blog.gluck.hu\/?p=883"},"modified":"2020-01-24T17:04:59","modified_gmt":"2020-01-24T15:04:59","slug":"osi-kulturak-nyomaban","status":"publish","type":"post","link":"http:\/\/blog.glueck.hu\/?p=883","title":{"rendered":"\u0150si kult\u00far\u00e1k nyom\u00e1ban"},"content":{"rendered":"<p>Ahogy a bejegyz\u00e9sekb\u0151l l\u00e1thatj\u00e1tok, sz\u00e1munkra az akt\u00edv kikapcsol\u00f3d\u00e1s az igazi pihen\u00e9s. B\u00e1r nagyon sz\u00edvesen t\u00f6lt\u00fcnk el n\u00e9h\u00e1ny \u00f3r\u00e1t a strandon, m\u00e9gis id\u0151nk nagy r\u00e9sz\u00e9t arra sz\u00e1ntuk, hogy megismerj\u00fck Mexik\u00f3 m\u00faltj\u00e1t \u00e9s a fennmaradt egyed\u00fcl\u00e1ll\u00f3 kultur\u00e1lis \u00f6r\u00f6ks\u00e9g\u00e9t. Amit l\u00e1ttunk, leny\u0171g\u00f6z\u0151 volt.<\/p>\n<p><em>Tula de Allende<\/em><br \/>\nA tolt\u00e9k civiliz\u00e1ci\u00f3 f\u0151v\u00e1rosa volt egykoron. F\u00e9nykor\u00e1t i.u. 900 \u00e9s 1150 k\u00f6z\u00f6tt \u00e9lte. \/Mi ekkort\u00e1jt foglaltunk hont, \u00e9s fejlesztett\u00fck jurt\u00e1inkat. Nyilakkal l\u00f6v\u00f6ld\u00f6zt\u00fcnk ellens\u00e9geinkre \u00e9s napi betev\u0151nkre.\/ Ezt k\u00f6vet\u0151en az \u00e9szaki megsz\u00e1ll\u00f3k, chichimek\u00e1k elpuszt\u00edtott\u00e1k. A r\u00e9g\u00e9szeti lel\u0151hely Tul\u00e1t\u00f3l 1,5 km-re \u00e9szakra fekszik egy magaslaton. A kiterjed\u00e9se 14 km2.<br \/>\nEnnek t\u00f6red\u00e9k\u00e9t lehet \u00e9s tudtuk bej\u00e1rni. Labdaj\u00e1t\u00e9k teret, templomot \u00e9s piramisokat l\u00e1thattunk. A legfontosabb felt\u00e1rt \u00e9p\u00fclet a Piramide B.<br \/>\n<a href=\"http:\/\/blog.gluck.hu\/wp-content\/uploads\/2012\/06\/MG_8049.jpg\"><img loading=\"lazy\" decoding=\"async\" src=\"http:\/\/blog.gluck.hu\/wp-content\/uploads\/2012\/06\/MG_8049.jpg\" alt=\"\" title=\"_MG_8049\" width=\"1024\" height=\"683\" class=\"alignnone size-full wp-image-885\" srcset=\"http:\/\/blog.glueck.hu\/wp-content\/uploads\/2012\/06\/MG_8049.jpg 1024w, http:\/\/blog.glueck.hu\/wp-content\/uploads\/2012\/06\/MG_8049-300x200.jpg 300w, http:\/\/blog.glueck.hu\/wp-content\/uploads\/2012\/06\/MG_8049-449x300.jpg 449w\" sizes=\"auto, (max-width: 767px) 89vw, (max-width: 1000px) 54vw, (max-width: 1071px) 543px, 580px\" \/><\/a><\/p>\n<p>Templom\u00e1nak tetej\u00e9t n\u00e9gy tolt\u00e9k harcos (Atlantisz) tartotta. Csak a harcosok \u00e1llt\u00e1k ki az id\u0151 pr\u00f3b\u00e1j\u00e1t.<br \/>\n<a href=\"http:\/\/blog.gluck.hu\/wp-content\/uploads\/2012\/06\/MG_8061.jpg\"><img loading=\"lazy\" decoding=\"async\" src=\"http:\/\/blog.gluck.hu\/wp-content\/uploads\/2012\/06\/MG_8061.jpg\" alt=\"\" title=\"_MG_8061\" width=\"1024\" height=\"683\" class=\"alignnone size-full wp-image-886\" srcset=\"http:\/\/blog.glueck.hu\/wp-content\/uploads\/2012\/06\/MG_8061.jpg 1024w, http:\/\/blog.glueck.hu\/wp-content\/uploads\/2012\/06\/MG_8061-300x200.jpg 300w, http:\/\/blog.glueck.hu\/wp-content\/uploads\/2012\/06\/MG_8061-449x300.jpg 449w\" sizes=\"auto, (max-width: 767px) 89vw, (max-width: 1000px) 54vw, (max-width: 1071px) 543px, 580px\" \/><\/a><\/p>\n<p>A k\u00fcls\u0151 fal f\u00e9ldomborm\u0171vein pr\u00e9rifarkasokat, jagu\u00e1rokat, sz\u00edveket kit\u00e9p\u0151 sasokat valamint feltehet\u0151en <a href=\"http:\/\/hu.wikipedia.org\/wiki\/Ketzalk%C3%B3atl\" title=\"Quetzalc\u00f3atl\" target=\"_blank\" rel=\"noopener noreferrer\">Quetzalcoatl<\/a>ot (az azt\u00e9k mitol\u00f3gi\u00e1ban a tud\u00e1s \u00e9s tanul\u00e1s istene) \u00e1br\u00e1zol\u00f3 alakokat figyelhet\u00fcnk meg.<br \/>\n<a href=\"http:\/\/blog.gluck.hu\/wp-content\/uploads\/2012\/06\/MG_8071.jpg\"><img loading=\"lazy\" decoding=\"async\" src=\"http:\/\/blog.gluck.hu\/wp-content\/uploads\/2012\/06\/MG_8071.jpg\" alt=\"\" title=\"_MG_8071\" width=\"1024\" height=\"683\" class=\"alignnone size-full wp-image-884\" srcset=\"http:\/\/blog.glueck.hu\/wp-content\/uploads\/2012\/06\/MG_8071.jpg 1024w, http:\/\/blog.glueck.hu\/wp-content\/uploads\/2012\/06\/MG_8071-300x200.jpg 300w, http:\/\/blog.glueck.hu\/wp-content\/uploads\/2012\/06\/MG_8071-449x300.jpg 449w\" sizes=\"auto, (max-width: 767px) 89vw, (max-width: 1000px) 54vw, (max-width: 1071px) 543px, 580px\" \/><\/a><\/p>\n<p><em>Teotichuac\u00e1n<\/em><br \/>\nM\u00edg Eur\u00f3pa s\u00f6t\u00e9t id\u0151szak\u00e1t \u00e9lte, a teotichuac\u00e1ni kult\u00fara f\u00e9nyesen ragyogott K\u00f6z\u00e9p-Amerik\u00e1ban.<br \/>\nId\u0151sz\u00e1m\u00edt\u00e1sunk szerint 200 \u00e9s 500 k\u00f6z\u00f6tt \u00e9lte f\u00e9nykor\u00e1t k\u00f6sz\u00f6nhet\u0151en a Guatemalai Pet\u00e9n t\u00e9rs\u00e9gig ny\u00fal\u00f3 kereskedelmi h\u00e1l\u00f3zatnak. Akkoriban 175 000 lak\u00f3ja volt a v\u00e1rosnak. A v\u00e1ros f\u0151 \u00fct\u0151er\u00e9t a halottak \u00fatja (Avenida de los Muertos) adta. E sz\u00e9les, egyenes sug\u00e1rutat vulk\u00e1ni k\u0151b\u0151l rakt\u00e1k ki \u00e9s csillagok alapj\u00e1n t\u00e1jolt\u00e1k.<br \/>\n<a href=\"http:\/\/blog.gluck.hu\/wp-content\/uploads\/2012\/06\/MG_8119.jpg\"><img loading=\"lazy\" decoding=\"async\" src=\"http:\/\/blog.gluck.hu\/wp-content\/uploads\/2012\/06\/MG_8119.jpg\" alt=\"\" title=\"_MG_8119\" width=\"1024\" height=\"683\" class=\"alignnone size-full wp-image-893\" srcset=\"http:\/\/blog.glueck.hu\/wp-content\/uploads\/2012\/06\/MG_8119.jpg 1024w, http:\/\/blog.glueck.hu\/wp-content\/uploads\/2012\/06\/MG_8119-300x200.jpg 300w, http:\/\/blog.glueck.hu\/wp-content\/uploads\/2012\/06\/MG_8119-449x300.jpg 449w\" sizes=\"auto, (max-width: 767px) 89vw, (max-width: 1000px) 54vw, (max-width: 1071px) 543px, 580px\" \/><\/a><\/p>\n<p>A halottak \u00fatj\u00e1t szertart\u00e1si \u00e9p\u00fcletek \u00e9s hatalmas piramisok szeg\u00e9lyezt\u00e9k. Pl. Tollas K\u00edgy\u00f3 temploma, Hold-piramis, Nap-piramis.<br \/>\n<a href=\"http:\/\/blog.gluck.hu\/wp-content\/uploads\/2012\/06\/MG_8096.jpg\"><img loading=\"lazy\" decoding=\"async\" src=\"http:\/\/blog.gluck.hu\/wp-content\/uploads\/2012\/06\/MG_8096.jpg\" alt=\"\" title=\"_MG_8096\" width=\"1024\" height=\"683\" class=\"alignnone size-full wp-image-890\" srcset=\"http:\/\/blog.glueck.hu\/wp-content\/uploads\/2012\/06\/MG_8096.jpg 1024w, http:\/\/blog.glueck.hu\/wp-content\/uploads\/2012\/06\/MG_8096-300x200.jpg 300w, http:\/\/blog.glueck.hu\/wp-content\/uploads\/2012\/06\/MG_8096-449x300.jpg 449w\" sizes=\"auto, (max-width: 767px) 89vw, (max-width: 1000px) 54vw, (max-width: 1071px) 543px, 580px\" \/><\/a><\/p>\n<p>A n\u00e9gy kilom\u00e9teres \u00fat legv\u00e9g\u00e9n Piramide de la Luna (Hold-piramis) emelkedik, mely kir\u00e1lyi temetkez\u00e9si hely. T\u00f6bb mint 100, magas, keskeny l\u00e9pcs\u0151fok vezet a cs\u00facsra.<br \/>\n<a href=\"http:\/\/blog.gluck.hu\/wp-content\/uploads\/2012\/06\/MG_8113.jpg\"><img loading=\"lazy\" decoding=\"async\" src=\"http:\/\/blog.gluck.hu\/wp-content\/uploads\/2012\/06\/MG_8113.jpg\" alt=\"\" title=\"_MG_8113\" width=\"1024\" height=\"683\" class=\"alignnone size-full wp-image-892\" srcset=\"http:\/\/blog.glueck.hu\/wp-content\/uploads\/2012\/06\/MG_8113.jpg 1024w, http:\/\/blog.glueck.hu\/wp-content\/uploads\/2012\/06\/MG_8113-300x200.jpg 300w, http:\/\/blog.glueck.hu\/wp-content\/uploads\/2012\/06\/MG_8113-449x300.jpg 449w\" sizes=\"auto, (max-width: 767px) 89vw, (max-width: 1000px) 54vw, (max-width: 1071px) 543px, 580px\" \/><\/a><\/p>\n<p>Az \u00fat ment\u00e9n magasodik a Piramide del Sol (Nap-piramis) a vil\u00e1g harmadik legnagyobb piramisa. A 65 m\u00e9ter magas \u00e9p\u00edtm\u00e9ny alatt alagutak \u00e9s barlangok h\u00e1l\u00f3zata h\u00faz\u00f3dik, melyet az azt\u00e9kok a vil\u00e1g sz\u00fcl\u0151hely\u00e9nek tartottak. Az \u00e9p\u00edtm\u00e9ny cs\u00facs\u00e1ra 244 l\u00e9pcs\u0151fok vezet.<br \/>\n<a href=\"http:\/\/blog.gluck.hu\/wp-content\/uploads\/2012\/06\/MG_8086.jpg\"><img loading=\"lazy\" decoding=\"async\" src=\"http:\/\/blog.gluck.hu\/wp-content\/uploads\/2012\/06\/MG_8086.jpg\" alt=\"\" title=\"_MG_8086\" width=\"1024\" height=\"683\" class=\"alignnone size-full wp-image-889\" srcset=\"http:\/\/blog.glueck.hu\/wp-content\/uploads\/2012\/06\/MG_8086.jpg 1024w, http:\/\/blog.glueck.hu\/wp-content\/uploads\/2012\/06\/MG_8086-300x200.jpg 300w, http:\/\/blog.glueck.hu\/wp-content\/uploads\/2012\/06\/MG_8086-449x300.jpg 449w\" sizes=\"auto, (max-width: 767px) 89vw, (max-width: 1000px) 54vw, (max-width: 1071px) 543px, 580px\" \/><\/a><\/p>\n<p><a href=\"http:\/\/blog.gluck.hu\/wp-content\/uploads\/2012\/06\/MG_8102.jpg\"><img loading=\"lazy\" decoding=\"async\" src=\"http:\/\/blog.gluck.hu\/wp-content\/uploads\/2012\/06\/MG_8102.jpg\" alt=\"\" title=\"_MG_8102\" width=\"1024\" height=\"683\" class=\"alignnone size-full wp-image-891\" srcset=\"http:\/\/blog.glueck.hu\/wp-content\/uploads\/2012\/06\/MG_8102.jpg 1024w, http:\/\/blog.glueck.hu\/wp-content\/uploads\/2012\/06\/MG_8102-300x200.jpg 300w, http:\/\/blog.glueck.hu\/wp-content\/uploads\/2012\/06\/MG_8102-449x300.jpg 449w\" sizes=\"auto, (max-width: 767px) 89vw, (max-width: 1000px) 54vw, (max-width: 1071px) 543px, 580px\" \/><\/a><\/p>\n<p>A piramisok m\u0171v\u00e9szi k\u0151farag\u00e1sokat \u00e9s sz\u00ednes falfestm\u00e9nyeket rejtenek.<br \/>\n<a href=\"http:\/\/blog.gluck.hu\/wp-content\/uploads\/2012\/06\/MG_8127.jpg\"><img loading=\"lazy\" decoding=\"async\" src=\"http:\/\/blog.gluck.hu\/wp-content\/uploads\/2012\/06\/MG_8127.jpg\" alt=\"\" title=\"_MG_8127\" width=\"683\" height=\"1024\" class=\"alignnone size-full wp-image-894\" srcset=\"http:\/\/blog.glueck.hu\/wp-content\/uploads\/2012\/06\/MG_8127.jpg 683w, http:\/\/blog.glueck.hu\/wp-content\/uploads\/2012\/06\/MG_8127-200x300.jpg 200w\" sizes=\"auto, (max-width: 683px) 100vw, 683px\" \/><\/a><\/p>\n<p><em>Cholula<\/em><br \/>\nSpanyol h\u00f3d\u00edt\u00f3k el\u0151l menek\u00fcl\u0151 \u0151slakosok alap\u00edtott\u00e1k Cholul\u00e1t, melynek hely\u00e9n m\u00e1r kor\u00e1bban is azt\u00e9k vall\u00e1si k\u00f6zpont volt. A telep\u00fcl\u00e9s centrum\u00e1ban \u00e1llt a Gran Piramide de Tepanapa, K\u00f6z\u00e9p-Amerika legnagyobb piramisa, melyet napon sz\u00e1r\u00edtott v\u00e1lyogt\u00e9gl\u00e1kb\u00f3l emeltek i.e. 300 \u00e9s i.u. 700 k\u00f6z\u00f6tt (1000 \u00e9v alatt!). A spanyol h\u00f3d\u00edt\u00f3k megpr\u00f3b\u00e1lt\u00e1k lerombolni a piramist \u00e9s tetej\u00e9re egy templomot \u00e9p\u00edtettek: Iglesia de Nuestra Senora de los Remedios.<br \/>\n<a href=\"http:\/\/blog.gluck.hu\/wp-content\/uploads\/2012\/06\/MG_8186.jpg\"><img loading=\"lazy\" decoding=\"async\" src=\"http:\/\/blog.gluck.hu\/wp-content\/uploads\/2012\/06\/MG_8186.jpg\" alt=\"\" title=\"_MG_8186\" width=\"1024\" height=\"683\" class=\"alignnone size-full wp-image-900\" srcset=\"http:\/\/blog.glueck.hu\/wp-content\/uploads\/2012\/06\/MG_8186.jpg 1024w, http:\/\/blog.glueck.hu\/wp-content\/uploads\/2012\/06\/MG_8186-300x200.jpg 300w, http:\/\/blog.glueck.hu\/wp-content\/uploads\/2012\/06\/MG_8186-449x300.jpg 449w\" sizes=\"auto, (max-width: 767px) 89vw, (max-width: 1000px) 54vw, (max-width: 1071px) 543px, 580px\" \/><\/a><\/p>\n<p><a href=\"http:\/\/blog.gluck.hu\/wp-content\/uploads\/2012\/06\/MG_8188.jpg\"><img loading=\"lazy\" decoding=\"async\" src=\"http:\/\/blog.gluck.hu\/wp-content\/uploads\/2012\/06\/MG_8188.jpg\" alt=\"\" title=\"_MG_8188\" width=\"1024\" height=\"683\" class=\"alignnone size-full wp-image-901\" srcset=\"http:\/\/blog.glueck.hu\/wp-content\/uploads\/2012\/06\/MG_8188.jpg 1024w, http:\/\/blog.glueck.hu\/wp-content\/uploads\/2012\/06\/MG_8188-300x200.jpg 300w, http:\/\/blog.glueck.hu\/wp-content\/uploads\/2012\/06\/MG_8188-449x300.jpg 449w\" sizes=\"auto, (max-width: 767px) 89vw, (max-width: 1000px) 54vw, (max-width: 1071px) 543px, 580px\" \/><\/a><\/p>\n<p><a href=\"http:\/\/blog.gluck.hu\/wp-content\/uploads\/2012\/06\/MG_8197.jpg\"><img loading=\"lazy\" decoding=\"async\" src=\"http:\/\/blog.gluck.hu\/wp-content\/uploads\/2012\/06\/MG_8197.jpg\" alt=\"\" title=\"_MG_8197\" width=\"1024\" height=\"683\" class=\"alignnone size-full wp-image-902\" srcset=\"http:\/\/blog.glueck.hu\/wp-content\/uploads\/2012\/06\/MG_8197.jpg 1024w, http:\/\/blog.glueck.hu\/wp-content\/uploads\/2012\/06\/MG_8197-300x200.jpg 300w, http:\/\/blog.glueck.hu\/wp-content\/uploads\/2012\/06\/MG_8197-449x300.jpg 449w\" sizes=\"auto, (max-width: 767px) 89vw, (max-width: 1000px) 54vw, (max-width: 1071px) 543px, 580px\" \/><\/a><\/p>\n<p><a href=\"http:\/\/blog.gluck.hu\/wp-content\/uploads\/2012\/06\/MG_8207.jpg\"><img loading=\"lazy\" decoding=\"async\" src=\"http:\/\/blog.gluck.hu\/wp-content\/uploads\/2012\/06\/MG_8207.jpg\" alt=\"\" title=\"_MG_8207\" width=\"683\" height=\"1024\" class=\"alignnone size-full wp-image-903\" srcset=\"http:\/\/blog.glueck.hu\/wp-content\/uploads\/2012\/06\/MG_8207.jpg 683w, http:\/\/blog.glueck.hu\/wp-content\/uploads\/2012\/06\/MG_8207-200x300.jpg 200w\" sizes=\"auto, (max-width: 683px) 100vw, 683px\" \/><\/a><\/p>\n<p>A t\u0171zgy\u0171r\u0171t alkot\u00f3 h\u00e1rom vulk\u00e1n k\u00f6z\u00fcl kett\u0151 Cholul\u00e1b\u00f3l is l\u00e1that\u00f3: Popocatepetl (5426 m) Iztacc\u00edhuatl (5286 m). Sajnos az id\u0151j\u00e1r\u00e1s nem volt hozz\u00e1nk kegyes, \u00edgy a vulk\u00e1nokat nem l\u00e1ttuk, de a r\u00f3luk sz\u00f3l\u00f3 legend\u00e1t olvastuk, amely egy Popoca nev\u0171 szeg\u00e9ny, de b\u00e1tor fiatal \u00e9s Mixtli mexik\u00f3i uralkod\u00f3 gy\u00f6ny\u00f6r\u0171 l\u00e1ny\u00e1nak szerelm\u00e9r\u0151l sz\u00f3l. Tragikus szerelm\u00fckb\u0151l sz\u00fcletett a k\u00e9t vulk\u00e1n: &#8222;f\u00fcst\u00f6lg\u0151 hegy&#8221; \u00e9s az &#8222;alv\u00f3 h\u00f6lgy&#8221;<br \/>\n<a href=\"http:\/\/blog.gluck.hu\/wp-content\/uploads\/2012\/06\/MG_8211.jpg\"><img loading=\"lazy\" decoding=\"async\" src=\"http:\/\/blog.gluck.hu\/wp-content\/uploads\/2012\/06\/MG_8211.jpg\" alt=\"\" title=\"_MG_8211\" width=\"1024\" height=\"683\" class=\"alignnone size-full wp-image-904\" srcset=\"http:\/\/blog.glueck.hu\/wp-content\/uploads\/2012\/06\/MG_8211.jpg 1024w, http:\/\/blog.glueck.hu\/wp-content\/uploads\/2012\/06\/MG_8211-300x200.jpg 300w, http:\/\/blog.glueck.hu\/wp-content\/uploads\/2012\/06\/MG_8211-449x300.jpg 449w\" sizes=\"auto, (max-width: 767px) 89vw, (max-width: 1000px) 54vw, (max-width: 1071px) 543px, 580px\" \/><\/a><\/p>\n<figure style=\"width: 1024px\" class=\"wp-caption alignnone\"><img loading=\"lazy\" decoding=\"async\" alt=\"\" src=\"http:\/\/www.cientec.or.cr\/astronomia10norte\/uploaded_images\/Luna_Popo_ixta_Cholula311006-704865.JPG\" width=\"570\" height=\"380\"><figcaption class=\"wp-caption-text\">http:\/\/cienteccrastro.blogspot.hu\/2008\/06\/luna-sobre-iztacchuatl.html<\/figcaption><\/figure>\n<p>\u00c9rdekess\u00e9g, hogy a mindennapokban a gyerek j\u00e1t\u00e9kokn\u00e1l megtal\u00e1lhat\u00f3 kereket a monument\u00e1lis piramisok \u00e9p\u00edt\u00e9s\u00e9n\u00e9l nem alkalmazt\u00e1k. A hatalmas k\u0151t\u00f6mb\u00f6ket cs\u00fasztat\u00e1ssal &#8222;sz\u00e1ll\u00edtott\u00e1k&#8221;.<\/p>\n","protected":false},"excerpt":{"rendered":"<p>Ahogy a bejegyz\u00e9sekb\u0151l l\u00e1thatj\u00e1tok, sz\u00e1munkra az akt\u00edv kikapcsol\u00f3d\u00e1s az igazi pihen\u00e9s. B\u00e1r nagyon sz\u00edvesen t\u00f6lt\u00fcnk el n\u00e9h\u00e1ny \u00f3r\u00e1t a strandon, m\u00e9gis id\u0151nk nagy r\u00e9sz\u00e9t arra sz\u00e1ntuk, hogy megismerj\u00fck Mexik\u00f3 m\u00faltj\u00e1t \u00e9s a fennmaradt egyed\u00fcl\u00e1ll\u00f3 kultur\u00e1lis \u00f6r\u00f6ks\u00e9g\u00e9t. Amit l\u00e1ttunk, leny\u0171g\u00f6z\u0151 volt. Tula de Allende A tolt\u00e9k civiliz\u00e1ci\u00f3 f\u0151v\u00e1rosa volt egykoron. F\u00e9nykor\u00e1t i.u. 900 \u00e9s 1150 k\u00f6z\u00f6tt &hellip; <\/p>\n<p class=\"link-more\"><a href=\"http:\/\/blog.glueck.hu\/?p=883\" class=\"more-link\"><span class=\"screen-reader-text\">&#8222;\u0150si kult\u00far\u00e1k nyom\u00e1ban&#8221;<\/span> b\u0151vebben<\/a><\/p>\n","protected":false},"author":3,"featured_media":0,"comment_status":"closed","ping_status":"closed","sticky":false,"template":"","format":"standard","meta":{"footnotes":""},"categories":[3],"tags":[109,108,107],"class_list":["post-883","post","type-post","status-publish","format-standard","hentry","category-mexico","tag-cholula","tag-teotichuacan","tag-tula-de-allende"],"_links":{"self":[{"href":"http:\/\/blog.glueck.hu\/index.php?rest_route=\/wp\/v2\/posts\/883","targetHints":{"allow":["GET"]}}],"collection":[{"href":"http:\/\/blog.glueck.hu\/index.php?rest_route=\/wp\/v2\/posts"}],"about":[{"href":"http:\/\/blog.glueck.hu\/index.php?rest_route=\/wp\/v2\/types\/post"}],"author":[{"embeddable":true,"href":"http:\/\/blog.glueck.hu\/index.php?rest_route=\/wp\/v2\/users\/3"}],"replies":[{"embeddable":true,"href":"http:\/\/blog.glueck.hu\/index.php?rest_route=%2Fwp%2Fv2%2Fcomments&post=883"}],"version-history":[{"count":17,"href":"http:\/\/blog.glueck.hu\/index.php?rest_route=\/wp\/v2\/posts\/883\/revisions"}],"predecessor-version":[{"id":1079,"href":"http:\/\/blog.glueck.hu\/index.php?rest_route=\/wp\/v2\/posts\/883\/revisions\/1079"}],"wp:attachment":[{"href":"http:\/\/blog.glueck.hu\/index.php?rest_route=%2Fwp%2Fv2%2Fmedia&parent=883"}],"wp:term":[{"taxonomy":"category","embeddable":true,"href":"http:\/\/blog.glueck.hu\/index.php?rest_route=%2Fwp%2Fv2%2Fcategories&post=883"},{"taxonomy":"post_tag","embeddable":true,"href":"http:\/\/blog.glueck.hu\/index.php?rest_route=%2Fwp%2Fv2%2Ftags&post=883"}],"curies":[{"name":"wp","href":"https:\/\/api.w.org\/{rel}","templated":true}]}}