{"id":824,"date":"2012-06-29T21:05:25","date_gmt":"2012-06-29T19:05:25","guid":{"rendered":"http:\/\/blog.gluck.hu\/?p=824"},"modified":"2020-01-24T17:04:51","modified_gmt":"2020-01-24T15:04:51","slug":"a-varosok-melyeket-meglatogattunk","status":"publish","type":"post","link":"http:\/\/blog.glueck.hu\/?p=824","title":{"rendered":"V\u00e1rosok, melyeket megl\u00e1togattunk"},"content":{"rendered":"<p>&#8222;R\u00f6vidke&#8221; utunk sor\u00e1n az al\u00e1bbi v\u00e1rosokat n\u00e9zt\u00fck meg:<\/p>\n<p><em>Santiago de Quer\u00e9taro<\/em><br \/>\nBahio r\u00e9gi\u00f3ban helyezkedik el, term\u00e9keny farmter\u00fcletei miatt \u00daj-Spanyolorsz\u00e1g egyik legfontosabb v\u00e1ros\u00e1v\u00e1 v\u00e1lt. 1531-ben alap\u00edtott\u00e1k. \u00c9rdekess\u00e9g, hogy 1867-ben itt \u00edt\u00e9lt\u00e9k l\u00f6v\u00e9szosztag \u00e1ltali hal\u00e1lra  Habsburg Miks\u00e1t. Hogy ezek a Habsburgok hova el nem jutottak? 1917-ben itt \u00edrt\u00e1k al\u00e1 az alkotm\u00e1nyt.<\/p>\n<p><a href=\"http:\/\/blog.gluck.hu\/wp-content\/uploads\/2012\/06\/MG_7927.jpg\"><img loading=\"lazy\" decoding=\"async\" src=\"http:\/\/blog.gluck.hu\/wp-content\/uploads\/2012\/06\/MG_7927.jpg\" alt=\"\" title=\"_MG_7927\" width=\"683\" height=\"1024\" class=\"alignnone size-full wp-image-825\" srcset=\"http:\/\/blog.glueck.hu\/wp-content\/uploads\/2012\/06\/MG_7927.jpg 683w, http:\/\/blog.glueck.hu\/wp-content\/uploads\/2012\/06\/MG_7927-200x300.jpg 200w\" sizes=\"auto, (max-width: 683px) 100vw, 683px\" \/><\/a><br \/>\nAzt\u00e9k harcos, d\u00edszes \u00f6lt\u00f6z\u00e9kben, bok\u00e1j\u00e1n jellegzetes kagyl\u00f3 cs\u00f6rg\u0151vel.<\/p>\n<p><a href=\"http:\/\/blog.gluck.hu\/wp-content\/uploads\/2012\/06\/MG_7929.jpg\"><img loading=\"lazy\" decoding=\"async\" src=\"http:\/\/blog.gluck.hu\/wp-content\/uploads\/2012\/06\/MG_7929.jpg\" alt=\"\" title=\"_MG_7929\" width=\"1024\" height=\"683\" class=\"alignnone size-full wp-image-826\" srcset=\"http:\/\/blog.glueck.hu\/wp-content\/uploads\/2012\/06\/MG_7929.jpg 1024w, http:\/\/blog.glueck.hu\/wp-content\/uploads\/2012\/06\/MG_7929-300x200.jpg 300w, http:\/\/blog.glueck.hu\/wp-content\/uploads\/2012\/06\/MG_7929-449x300.jpg 449w\" sizes=\"auto, (max-width: 767px) 89vw, (max-width: 1000px) 54vw, (max-width: 1071px) 543px, 580px\" \/><\/a><br \/>\nUtcak\u00e9p a belv\u00e1rosban.<\/p>\n<p><a href=\"http:\/\/blog.gluck.hu\/wp-content\/uploads\/2012\/06\/MG_7942.jpg\"><img loading=\"lazy\" decoding=\"async\" src=\"http:\/\/blog.gluck.hu\/wp-content\/uploads\/2012\/06\/MG_7942.jpg\" alt=\"\" title=\"_MG_7942\" width=\"1024\" height=\"683\" class=\"alignnone size-full wp-image-827\" srcset=\"http:\/\/blog.glueck.hu\/wp-content\/uploads\/2012\/06\/MG_7942.jpg 1024w, http:\/\/blog.glueck.hu\/wp-content\/uploads\/2012\/06\/MG_7942-300x200.jpg 300w, http:\/\/blog.glueck.hu\/wp-content\/uploads\/2012\/06\/MG_7942-449x300.jpg 449w\" sizes=\"auto, (max-width: 767px) 89vw, (max-width: 1000px) 54vw, (max-width: 1071px) 543px, 580px\" \/><\/a><\/p>\n<p><a href=\"http:\/\/blog.gluck.hu\/wp-content\/uploads\/2012\/06\/MG_7943.jpg\"><img loading=\"lazy\" decoding=\"async\" src=\"http:\/\/blog.gluck.hu\/wp-content\/uploads\/2012\/06\/MG_7943.jpg\" alt=\"\" title=\"_MG_7943\" width=\"683\" height=\"1024\" class=\"alignnone size-full wp-image-828\" srcset=\"http:\/\/blog.glueck.hu\/wp-content\/uploads\/2012\/06\/MG_7943.jpg 683w, http:\/\/blog.glueck.hu\/wp-content\/uploads\/2012\/06\/MG_7943-200x300.jpg 200w\" sizes=\"auto, (max-width: 683px) 100vw, 683px\" \/><\/a><br \/>\nA belv\u00e1ros ilyen sz\u0171k utc\u00e1kkal tagolt, az utc\u00e1kban \u00e1rusok k\u00edn\u00e1lj\u00e1k port\u00e9k\u00e1ikat. Gy\u00f6ngyf\u0171z\u00e9sekt\u0151l ker\u00e1mi\u00e1kon \u00e1t sz\u00ednes sz\u0151ttesekig minden van itt.<\/p>\n<p><em>San Sebasti\u00e1n Bernal<\/em><br \/>\nQuer\u00e9tarot\u00f3l 50 km-re \u00e9szakra helyezkedik el. Kisv\u00e1rosi nyugalma, egyszer\u0171 \u00e9ttermei \u00e9s k\u00e9zm\u0171ves port\u00e9k\u00e1i miatt k\u00f6zkedvelt nem csak a turist\u00e1k, de a k\u00f6rnyez\u0151 telep\u00fcl\u00e9sek lak\u00f3i k\u00f6r\u00e9ben is. Az extr\u00e9m sportok kedvel\u0151i a sziklam\u00e1sz\u00e1s miatt l\u00e1togatnak ide, mert a v\u00e1ros mellett tal\u00e1lhat\u00f3 a la Pe\u00f1a de Bernal, a vil\u00e1g harmadik legmagasabb, 350 m-es monolitja.<\/p>\n<p><a href=\"http:\/\/blog.gluck.hu\/wp-content\/uploads\/2012\/06\/MG_8008.jpg\"><img loading=\"lazy\" decoding=\"async\" src=\"http:\/\/blog.gluck.hu\/wp-content\/uploads\/2012\/06\/MG_8008.jpg\" alt=\"\" title=\"_MG_8008\" width=\"1024\" height=\"683\" class=\"alignnone size-full wp-image-841\" srcset=\"http:\/\/blog.glueck.hu\/wp-content\/uploads\/2012\/06\/MG_8008.jpg 1024w, http:\/\/blog.glueck.hu\/wp-content\/uploads\/2012\/06\/MG_8008-300x200.jpg 300w, http:\/\/blog.glueck.hu\/wp-content\/uploads\/2012\/06\/MG_8008-449x300.jpg 449w\" sizes=\"auto, (max-width: 767px) 89vw, (max-width: 1000px) 54vw, (max-width: 1071px) 543px, 580px\" \/><\/a><br \/>\nRa\u00fal a fotogr\u00e1fus. Annyira belej\u00f6tt, hogy m\u00e1r minden turist\u00e1t \u0151 fot\u00f3zott. Mondtam is neki, hogy ebb\u0151l jobban meg\u00e9lne.<\/p>\n<p><a href=\"http:\/\/blog.gluck.hu\/wp-content\/uploads\/2012\/06\/MG_8004.jpg\"><img loading=\"lazy\" decoding=\"async\" src=\"http:\/\/blog.gluck.hu\/wp-content\/uploads\/2012\/06\/MG_8004.jpg\" alt=\"\" title=\"_MG_8004\" width=\"683\" height=\"1024\" class=\"alignnone size-full wp-image-840\" srcset=\"http:\/\/blog.glueck.hu\/wp-content\/uploads\/2012\/06\/MG_8004.jpg 683w, http:\/\/blog.glueck.hu\/wp-content\/uploads\/2012\/06\/MG_8004-200x300.jpg 200w\" sizes=\"auto, (max-width: 683px) 100vw, 683px\" \/><\/a><br \/>\nH\u00e1rmasban a monolittal.<\/p>\n<p><a href=\"http:\/\/blog.gluck.hu\/wp-content\/uploads\/2012\/06\/MG_7997.jpg\"><img loading=\"lazy\" decoding=\"async\" src=\"http:\/\/blog.gluck.hu\/wp-content\/uploads\/2012\/06\/MG_7997.jpg\" alt=\"\" title=\"_MG_7997\" width=\"1024\" height=\"683\" class=\"alignnone size-full wp-image-839\" srcset=\"http:\/\/blog.glueck.hu\/wp-content\/uploads\/2012\/06\/MG_7997.jpg 1024w, http:\/\/blog.glueck.hu\/wp-content\/uploads\/2012\/06\/MG_7997-300x200.jpg 300w, http:\/\/blog.glueck.hu\/wp-content\/uploads\/2012\/06\/MG_7997-449x300.jpg 449w\" sizes=\"auto, (max-width: 767px) 89vw, (max-width: 1000px) 54vw, (max-width: 1071px) 543px, 580px\" \/><\/a><br \/>\nCsoportk\u00e9p.<\/p>\n<p><a href=\"http:\/\/blog.gluck.hu\/wp-content\/uploads\/2012\/06\/MG_7993.jpg\"><img loading=\"lazy\" decoding=\"async\" src=\"http:\/\/blog.gluck.hu\/wp-content\/uploads\/2012\/06\/MG_7993.jpg\" alt=\"\" title=\"_MG_7993\" width=\"1024\" height=\"683\" class=\"alignnone size-full wp-image-838\" srcset=\"http:\/\/blog.glueck.hu\/wp-content\/uploads\/2012\/06\/MG_7993.jpg 1024w, http:\/\/blog.glueck.hu\/wp-content\/uploads\/2012\/06\/MG_7993-300x200.jpg 300w, http:\/\/blog.glueck.hu\/wp-content\/uploads\/2012\/06\/MG_7993-449x300.jpg 449w\" sizes=\"auto, (max-width: 767px) 89vw, (max-width: 1000px) 54vw, (max-width: 1071px) 543px, 580px\" \/><\/a><\/p>\n<p><a href=\"http:\/\/blog.gluck.hu\/wp-content\/uploads\/2012\/06\/MG_8011.jpg\"><img loading=\"lazy\" decoding=\"async\" src=\"http:\/\/blog.gluck.hu\/wp-content\/uploads\/2012\/06\/MG_8011.jpg\" alt=\"\" title=\"_MG_8011\" width=\"1024\" height=\"683\" class=\"alignnone size-full wp-image-843\" srcset=\"http:\/\/blog.glueck.hu\/wp-content\/uploads\/2012\/06\/MG_8011.jpg 1024w, http:\/\/blog.glueck.hu\/wp-content\/uploads\/2012\/06\/MG_8011-300x200.jpg 300w, http:\/\/blog.glueck.hu\/wp-content\/uploads\/2012\/06\/MG_8011-449x300.jpg 449w\" sizes=\"auto, (max-width: 767px) 89vw, (max-width: 1000px) 54vw, (max-width: 1071px) 543px, 580px\" \/><\/a><br \/>\n\u00c9n er\u0151vel pr\u00f3b\u00e1ltam megszerezni a tequil\u00e1s palackot, Marcsi n\u0151i praktik\u00e1t vetett be. Sajnos az \u00f6regen nem tudtunk kifogni, az \u00fcveget nem kaparintottuk meg.<\/p>\n<p><a href=\"http:\/\/blog.gluck.hu\/wp-content\/uploads\/2012\/06\/MG_8010.jpg\"><img loading=\"lazy\" decoding=\"async\" src=\"http:\/\/blog.gluck.hu\/wp-content\/uploads\/2012\/06\/MG_8010.jpg\" alt=\"\" title=\"_MG_8010\" width=\"1024\" height=\"683\" class=\"alignnone size-full wp-image-842\" srcset=\"http:\/\/blog.glueck.hu\/wp-content\/uploads\/2012\/06\/MG_8010.jpg 1024w, http:\/\/blog.glueck.hu\/wp-content\/uploads\/2012\/06\/MG_8010-300x200.jpg 300w, http:\/\/blog.glueck.hu\/wp-content\/uploads\/2012\/06\/MG_8010-449x300.jpg 449w\" sizes=\"auto, (max-width: 767px) 89vw, (max-width: 1000px) 54vw, (max-width: 1071px) 543px, 580px\" \/><\/a><\/p>\n<p><a href=\"http:\/\/blog.gluck.hu\/wp-content\/uploads\/2012\/06\/MG_7979.jpg\"><img loading=\"lazy\" decoding=\"async\" src=\"http:\/\/blog.gluck.hu\/wp-content\/uploads\/2012\/06\/MG_7979.jpg\" alt=\"\" title=\"_MG_7979\" width=\"1024\" height=\"683\" class=\"alignnone size-full wp-image-837\" srcset=\"http:\/\/blog.glueck.hu\/wp-content\/uploads\/2012\/06\/MG_7979.jpg 1024w, http:\/\/blog.glueck.hu\/wp-content\/uploads\/2012\/06\/MG_7979-300x200.jpg 300w, http:\/\/blog.glueck.hu\/wp-content\/uploads\/2012\/06\/MG_7979-449x300.jpg 449w\" sizes=\"auto, (max-width: 767px) 89vw, (max-width: 1000px) 54vw, (max-width: 1071px) 543px, 580px\" \/><\/a><br \/>\nVend\u00e9gl\u00e1t\u00f3ink a monolit el\u0151tt.<\/p>\n<p><a href=\"http:\/\/blog.gluck.hu\/wp-content\/uploads\/2012\/06\/MG_7977.jpg\"><img loading=\"lazy\" decoding=\"async\" src=\"http:\/\/blog.gluck.hu\/wp-content\/uploads\/2012\/06\/MG_7977.jpg\" alt=\"\" title=\"_MG_7977\" width=\"683\" height=\"1024\" class=\"alignnone size-full wp-image-836\" srcset=\"http:\/\/blog.glueck.hu\/wp-content\/uploads\/2012\/06\/MG_7977.jpg 683w, http:\/\/blog.glueck.hu\/wp-content\/uploads\/2012\/06\/MG_7977-200x300.jpg 200w\" sizes=\"auto, (max-width: 683px) 100vw, 683px\" \/><\/a><br \/>\nA hegym\u00e1sz\u00f3 csapat.<\/p>\n<p><em>Tequisquiapan<\/em><br \/>\nBernalr\u00f3l hazafel\u00e9 \u00fatba ejtett\u00fcnk egy fest\u0151i kisv\u00e1rost, Tequisquiapant. A v\u00e1ros este l\u00e9v\u00e9n kezdett \u00e9ledezni. Mint mindenhol, itt is a f\u0151 t\u00e9r megtelt emberekkel, hangos zen\u00e9vel, j\u00f3 hangulattal.<\/p>\n<p><a href=\"http:\/\/blog.gluck.hu\/wp-content\/uploads\/2012\/06\/MG_8014.jpg\"><img loading=\"lazy\" decoding=\"async\" src=\"http:\/\/blog.gluck.hu\/wp-content\/uploads\/2012\/06\/MG_8014.jpg\" alt=\"\" title=\"_MG_8014\" width=\"1024\" height=\"683\" class=\"alignnone size-full wp-image-850\" srcset=\"http:\/\/blog.glueck.hu\/wp-content\/uploads\/2012\/06\/MG_8014.jpg 1024w, http:\/\/blog.glueck.hu\/wp-content\/uploads\/2012\/06\/MG_8014-300x200.jpg 300w, http:\/\/blog.glueck.hu\/wp-content\/uploads\/2012\/06\/MG_8014-449x300.jpg 449w\" sizes=\"auto, (max-width: 767px) 89vw, (max-width: 1000px) 54vw, (max-width: 1071px) 543px, 580px\" \/><\/a><\/p>\n<p><em>Puebla<\/em><br \/>\nMexik\u00f3 h\u00e1rom legmagasabb vulk\u00e1nja, a Pico de Orizaba, a Popocat\u00e9petl, Iztacc\u00edhuatl \u00f6vezi. A geol\u00f3giailag akt\u00edv t\u0171zgy\u0171r\u0171ben fekv\u0151 ter\u00fcletet id\u0151nk\u00e9nt f\u00f6ldreng\u00e9sek r\u00e1zz\u00e1k meg.<\/p>\n<p>A h\u00e9tf\u0151n is nyitva tart\u00f3 <a href=\"http:\/\/www.museoamparo.com\/\" title=\"Museo Amparo\" target=\"_blank\" rel=\"noopener noreferrer\">Museo Amparo<\/a> megtekint\u00e9s\u00e9vel ind\u00edtottuk napunkat.<br \/>\n<a href=\"http:\/\/blog.gluck.hu\/wp-content\/uploads\/2012\/06\/MG_8144.jpg\"><img loading=\"lazy\" decoding=\"async\" src=\"http:\/\/blog.gluck.hu\/wp-content\/uploads\/2012\/06\/MG_8144.jpg\" alt=\"\" title=\"_MG_8144\" width=\"683\" height=\"1024\" class=\"alignnone size-full wp-image-854\" srcset=\"http:\/\/blog.glueck.hu\/wp-content\/uploads\/2012\/06\/MG_8144.jpg 683w, http:\/\/blog.glueck.hu\/wp-content\/uploads\/2012\/06\/MG_8144-200x300.jpg 200w\" sizes=\"auto, (max-width: 683px) 100vw, 683px\" \/><\/a><\/p>\n<p>Sajna a m\u00fazeumban nem lehetett fot\u00f3zni, de higgy\u00e9tek el, \u00e9rdekes dolgokat l\u00e1ttunk. Ez a k\u00e9p a bels\u0151 udvarban k\u00e9sz\u00fclt.<br \/>\n<a href=\"http:\/\/blog.gluck.hu\/wp-content\/uploads\/2012\/06\/MG_8143.jpg\"><img loading=\"lazy\" decoding=\"async\" src=\"http:\/\/blog.gluck.hu\/wp-content\/uploads\/2012\/06\/MG_8143.jpg\" alt=\"\" title=\"_MG_8143\" width=\"1024\" height=\"683\" class=\"alignnone size-full wp-image-853\" srcset=\"http:\/\/blog.glueck.hu\/wp-content\/uploads\/2012\/06\/MG_8143.jpg 1024w, http:\/\/blog.glueck.hu\/wp-content\/uploads\/2012\/06\/MG_8143-300x200.jpg 300w, http:\/\/blog.glueck.hu\/wp-content\/uploads\/2012\/06\/MG_8143-449x300.jpg 449w\" sizes=\"auto, (max-width: 767px) 89vw, (max-width: 1000px) 54vw, (max-width: 1071px) 543px, 580px\" \/><\/a><\/p>\n<p>Marcsi felolvassa az ide v\u00e1g\u00f3 r\u00e9szt a National-es \u00fatik\u00f6nyvb\u0151l.<br \/>\n<a href=\"http:\/\/blog.gluck.hu\/wp-content\/uploads\/2012\/06\/MG_8152.jpg\"><img loading=\"lazy\" decoding=\"async\" src=\"http:\/\/blog.gluck.hu\/wp-content\/uploads\/2012\/06\/MG_8152.jpg\" alt=\"\" title=\"_MG_8152\" width=\"1024\" height=\"683\" class=\"alignnone size-full wp-image-855\" srcset=\"http:\/\/blog.glueck.hu\/wp-content\/uploads\/2012\/06\/MG_8152.jpg 1024w, http:\/\/blog.glueck.hu\/wp-content\/uploads\/2012\/06\/MG_8152-300x200.jpg 300w, http:\/\/blog.glueck.hu\/wp-content\/uploads\/2012\/06\/MG_8152-449x300.jpg 449w\" sizes=\"auto, (max-width: 767px) 89vw, (max-width: 1000px) 54vw, (max-width: 1071px) 543px, 580px\" \/><\/a><\/p>\n<p>Palacio Municipal<br \/>\n<a href=\"http:\/\/blog.gluck.hu\/wp-content\/uploads\/2012\/06\/MG_8155.jpg\"><img loading=\"lazy\" decoding=\"async\" src=\"http:\/\/blog.gluck.hu\/wp-content\/uploads\/2012\/06\/MG_8155.jpg\" alt=\"\" title=\"_MG_8155\" width=\"1024\" height=\"683\" class=\"alignnone size-full wp-image-856\" srcset=\"http:\/\/blog.glueck.hu\/wp-content\/uploads\/2012\/06\/MG_8155.jpg 1024w, http:\/\/blog.glueck.hu\/wp-content\/uploads\/2012\/06\/MG_8155-300x200.jpg 300w, http:\/\/blog.glueck.hu\/wp-content\/uploads\/2012\/06\/MG_8155-449x300.jpg 449w\" sizes=\"auto, (max-width: 767px) 89vw, (max-width: 1000px) 54vw, (max-width: 1071px) 543px, 580px\" \/><\/a><\/p>\n<p><a href=\"http:\/\/blog.gluck.hu\/wp-content\/uploads\/2012\/06\/MG_8160.jpg\"><img loading=\"lazy\" decoding=\"async\" src=\"http:\/\/blog.gluck.hu\/wp-content\/uploads\/2012\/06\/MG_8160.jpg\" alt=\"\" title=\"_MG_8160\" width=\"683\" height=\"1024\" class=\"alignnone size-full wp-image-857\" srcset=\"http:\/\/blog.glueck.hu\/wp-content\/uploads\/2012\/06\/MG_8160.jpg 683w, http:\/\/blog.glueck.hu\/wp-content\/uploads\/2012\/06\/MG_8160-200x300.jpg 200w\" sizes=\"auto, (max-width: 683px) 100vw, 683px\" \/><\/a><\/p>\n<p>A Catedral de la Immaculada Concepcion \u00e9s el\u0151tte a Plaza Principal sz\u00f6k\u0151k\u00fatja.<br \/>\n<a href=\"http:\/\/blog.gluck.hu\/wp-content\/uploads\/2012\/06\/MG_8161.jpg\"><img loading=\"lazy\" decoding=\"async\" src=\"http:\/\/blog.gluck.hu\/wp-content\/uploads\/2012\/06\/MG_8161.jpg\" alt=\"\" title=\"_MG_8161\" width=\"1024\" height=\"683\" class=\"alignnone size-full wp-image-858\" srcset=\"http:\/\/blog.glueck.hu\/wp-content\/uploads\/2012\/06\/MG_8161.jpg 1024w, http:\/\/blog.glueck.hu\/wp-content\/uploads\/2012\/06\/MG_8161-300x200.jpg 300w, http:\/\/blog.glueck.hu\/wp-content\/uploads\/2012\/06\/MG_8161-449x300.jpg 449w\" sizes=\"auto, (max-width: 767px) 89vw, (max-width: 1000px) 54vw, (max-width: 1071px) 543px, 580px\" \/><\/a><\/p>\n<p><a href=\"http:\/\/blog.gluck.hu\/wp-content\/uploads\/2012\/06\/MG_8171.jpg\"><img loading=\"lazy\" decoding=\"async\" src=\"http:\/\/blog.gluck.hu\/wp-content\/uploads\/2012\/06\/MG_8171.jpg\" alt=\"\" title=\"_MG_8171\" width=\"1024\" height=\"683\" class=\"alignnone size-full wp-image-859\" srcset=\"http:\/\/blog.glueck.hu\/wp-content\/uploads\/2012\/06\/MG_8171.jpg 1024w, http:\/\/blog.glueck.hu\/wp-content\/uploads\/2012\/06\/MG_8171-300x200.jpg 300w, http:\/\/blog.glueck.hu\/wp-content\/uploads\/2012\/06\/MG_8171-449x300.jpg 449w\" sizes=\"auto, (max-width: 767px) 89vw, (max-width: 1000px) 54vw, (max-width: 1071px) 543px, 580px\" \/><\/a><\/p>\n<p>Az egyik nevezetes helyi piac az el Parian, ahol \u00e9dess\u00e9geket \u00e9s talaverai k\u00e9zm\u0171ves term\u00e9keket \u00e1rus\u00edtanak.<br \/>\n<a href=\"http:\/\/blog.gluck.hu\/wp-content\/uploads\/2012\/06\/MG_8178.jpg\"><img loading=\"lazy\" decoding=\"async\" src=\"http:\/\/blog.gluck.hu\/wp-content\/uploads\/2012\/06\/MG_8178.jpg\" alt=\"\" title=\"_MG_8178\" width=\"1024\" height=\"683\" class=\"alignnone size-full wp-image-860\" srcset=\"http:\/\/blog.glueck.hu\/wp-content\/uploads\/2012\/06\/MG_8178.jpg 1024w, http:\/\/blog.glueck.hu\/wp-content\/uploads\/2012\/06\/MG_8178-300x200.jpg 300w, http:\/\/blog.glueck.hu\/wp-content\/uploads\/2012\/06\/MG_8178-449x300.jpg 449w\" sizes=\"auto, (max-width: 767px) 89vw, (max-width: 1000px) 54vw, (max-width: 1071px) 543px, 580px\" \/><\/a><\/p>\n<p><em>Patzucuaro<\/em><br \/>\nA hegyi napf\u00e9nyben \u00e1lmosan megb\u00fav\u00f3 v\u00e1roska m\u00e1r a XVI. sz\u00e1zad \u00f3ta az \u0151slakos kult\u00far\u00e1k \u00e9s n\u00e9pm\u0171v\u00e9szeti t\u00e1rgyak k\u00f6zpontja. Kiv\u00e1l\u00f3 mesteremberei ragyog\u00f3 r\u00e9z eszk\u00f6z\u00f6ket, toll d\u00edszeket \u00e9s maqueado-t (ebb\u0151l itt\u00e1k az azt\u00e9k nemesek a keser\u0171 csokit) k\u00e9sz\u00edtenek. Mi is v\u00e1s\u00e1roltunk n\u00e9h\u00e1ny k\u00e9zm\u0171ves term\u00e9ket: p\u00e9nzt\u00e1rc\u00e1t, s\u00e1lat.<br \/>\n<a href=\"http:\/\/blog.gluck.hu\/wp-content\/uploads\/2012\/06\/IMG_20120608_140313.jpg\"><img loading=\"lazy\" decoding=\"async\" src=\"http:\/\/blog.gluck.hu\/wp-content\/uploads\/2012\/06\/IMG_20120608_140313.jpg\" alt=\"\" title=\"SAMSUNG\" width=\"768\" height=\"1024\" class=\"alignnone size-full wp-image-865\" srcset=\"http:\/\/blog.glueck.hu\/wp-content\/uploads\/2012\/06\/IMG_20120608_140313.jpg 768w, http:\/\/blog.glueck.hu\/wp-content\/uploads\/2012\/06\/IMG_20120608_140313-225x300.jpg 225w\" sizes=\"auto, (max-width: 767px) 89vw, (max-width: 1000px) 54vw, (max-width: 1071px) 543px, 580px\" \/><\/a><\/p>\n<p><a href=\"http:\/\/blog.gluck.hu\/wp-content\/uploads\/2012\/06\/IMG_20120608_141553.jpg\"><img loading=\"lazy\" decoding=\"async\" src=\"http:\/\/blog.gluck.hu\/wp-content\/uploads\/2012\/06\/IMG_20120608_141553.jpg\" alt=\"\" title=\"SAMSUNG\" width=\"768\" height=\"1024\" class=\"alignnone size-full wp-image-866\" srcset=\"http:\/\/blog.glueck.hu\/wp-content\/uploads\/2012\/06\/IMG_20120608_141553.jpg 768w, http:\/\/blog.glueck.hu\/wp-content\/uploads\/2012\/06\/IMG_20120608_141553-225x300.jpg 225w\" sizes=\"auto, (max-width: 767px) 89vw, (max-width: 1000px) 54vw, (max-width: 1071px) 543px, 580px\" \/><\/a><\/p>\n<p><em>Guanajuato<\/em><br \/>\nV\u00e9g\u00fcl term\u00e9szetesen \u00fajra visszat\u00e9rt\u00fcnk kedvenc v\u00e1rosunkhoz, amit Marcsival k\u00f6z\u00f6sen is bej\u00e1rtuk. Nem maradhatott ki a Callej\u00f3n del Beso cs\u00f3kja sem (k\u00f6sz\u00f6net Andinak a tipp\u00e9rt!).<br \/>\n<a href=\"http:\/\/blog.gluck.hu\/wp-content\/uploads\/2012\/06\/MG_8497.jpg\"><img loading=\"lazy\" decoding=\"async\" src=\"http:\/\/blog.gluck.hu\/wp-content\/uploads\/2012\/06\/MG_8497.jpg\" alt=\"\" title=\"_MG_8497\" width=\"683\" height=\"1024\" class=\"alignnone size-full wp-image-862\" srcset=\"http:\/\/blog.glueck.hu\/wp-content\/uploads\/2012\/06\/MG_8497.jpg 683w, http:\/\/blog.glueck.hu\/wp-content\/uploads\/2012\/06\/MG_8497-200x300.jpg 200w\" sizes=\"auto, (max-width: 683px) 100vw, 683px\" \/><\/a><\/p>\n<p>Marcsit a telep\u00fcl\u00e9sek kisv\u00e1rosi b\u00e1ja fogta meg legink\u00e1bb. Mivel minden v\u00e1rosk\u00e1nak k\u00f6zel azonos a fel\u00e9p\u00edt\u00e9se &#8211; k\u00f6z\u00e9ppontban egy f\u0151t\u00e9rrel, zocal\u00f3val- \u00edgy el\u00e9g k\u00f6nny\u0171 t\u00e1j\u00e9koz\u00f3dni az utc\u00e1k rengeteg\u00e9ben. Az \u00e1tlag k\u00f6z\u00fcl Puebla kiemelkedett a rendezett utc\u00e1csk\u00e1ival, ahol siker\u00fclt \u00f6tv\u00f6zni a fejlett k\u00f6zleked\u00e9si rendszert a t\u00f6rt\u00e9nelmi belv\u00e1ros egyedi von\u00e1saival.<br \/>\nNekem nagyon tetszett Bernal. Az egyesek szerint UFO energiapontnak tartott monolit misztikus atmoszf\u00e9r\u00e1t k\u00f6lcs\u00f6n\u00f6z a kisv\u00e1rosnak.<br \/>\nA k\u00e9t h\u00f3nap alatt nem tal\u00e1lkoztam k\u00e9t egyforma hangulat\u00fa v\u00e1rossal, ami inspir\u00e1l, hogy m\u00e9g t\u00f6bbet l\u00e1ssunk Mexic\u00f3b\u00f3l&#8230; Ide egyszer m\u00e9g biztosan visszat\u00e9rn\u00fcnk!<\/p>\n","protected":false},"excerpt":{"rendered":"<p>&#8222;R\u00f6vidke&#8221; utunk sor\u00e1n az al\u00e1bbi v\u00e1rosokat n\u00e9zt\u00fck meg: Santiago de Quer\u00e9taro Bahio r\u00e9gi\u00f3ban helyezkedik el, term\u00e9keny farmter\u00fcletei miatt \u00daj-Spanyolorsz\u00e1g egyik legfontosabb v\u00e1ros\u00e1v\u00e1 v\u00e1lt. 1531-ben alap\u00edtott\u00e1k. \u00c9rdekess\u00e9g, hogy 1867-ben itt \u00edt\u00e9lt\u00e9k l\u00f6v\u00e9szosztag \u00e1ltali hal\u00e1lra Habsburg Miks\u00e1t. Hogy ezek a Habsburgok hova el nem jutottak? 1917-ben itt \u00edrt\u00e1k al\u00e1 az alkotm\u00e1nyt. Azt\u00e9k harcos, d\u00edszes \u00f6lt\u00f6z\u00e9kben, bok\u00e1j\u00e1n jellegzetes &hellip; <\/p>\n<p class=\"link-more\"><a href=\"http:\/\/blog.glueck.hu\/?p=824\" class=\"more-link\"><span class=\"screen-reader-text\">&#8222;V\u00e1rosok, melyeket megl\u00e1togattunk&#8221;<\/span> b\u0151vebben<\/a><\/p>\n","protected":false},"author":3,"featured_media":0,"comment_status":"closed","ping_status":"closed","sticky":false,"template":"","format":"standard","meta":{"footnotes":""},"categories":[3],"tags":[104,106,105,103,102],"class_list":["post-824","post","type-post","status-publish","format-standard","hentry","category-mexico","tag-bernal","tag-patzucuaro","tag-puebla","tag-santiago-de-queretaro","tag-varosok"],"_links":{"self":[{"href":"http:\/\/blog.glueck.hu\/index.php?rest_route=\/wp\/v2\/posts\/824","targetHints":{"allow":["GET"]}}],"collection":[{"href":"http:\/\/blog.glueck.hu\/index.php?rest_route=\/wp\/v2\/posts"}],"about":[{"href":"http:\/\/blog.glueck.hu\/index.php?rest_route=\/wp\/v2\/types\/post"}],"author":[{"embeddable":true,"href":"http:\/\/blog.glueck.hu\/index.php?rest_route=\/wp\/v2\/users\/3"}],"replies":[{"embeddable":true,"href":"http:\/\/blog.glueck.hu\/index.php?rest_route=%2Fwp%2Fv2%2Fcomments&post=824"}],"version-history":[{"count":36,"href":"http:\/\/blog.glueck.hu\/index.php?rest_route=\/wp\/v2\/posts\/824\/revisions"}],"predecessor-version":[{"id":1078,"href":"http:\/\/blog.glueck.hu\/index.php?rest_route=\/wp\/v2\/posts\/824\/revisions\/1078"}],"wp:attachment":[{"href":"http:\/\/blog.glueck.hu\/index.php?rest_route=%2Fwp%2Fv2%2Fmedia&parent=824"}],"wp:term":[{"taxonomy":"category","embeddable":true,"href":"http:\/\/blog.glueck.hu\/index.php?rest_route=%2Fwp%2Fv2%2Fcategories&post=824"},{"taxonomy":"post_tag","embeddable":true,"href":"http:\/\/blog.glueck.hu\/index.php?rest_route=%2Fwp%2Fv2%2Ftags&post=824"}],"curies":[{"name":"wp","href":"https:\/\/api.w.org\/{rel}","templated":true}]}}