{"id":553,"date":"2012-05-24T04:59:30","date_gmt":"2012-05-24T02:59:30","guid":{"rendered":"http:\/\/blog.gluck.hu\/?p=553"},"modified":"2020-01-24T17:03:15","modified_gmt":"2020-01-24T15:03:15","slug":"grillezes-luiseknal","status":"publish","type":"post","link":"http:\/\/blog.glueck.hu\/?p=553","title":{"rendered":"Grillez\u00e9s Luis\u00e9kn\u00e1l"},"content":{"rendered":"<p>Vas\u00e1rnap nem mindennapi megtiszteltet\u00e9sben volt r\u00e9szem!<\/p>\n<p>Pedro kem\u00e9nyen tanul, hogy elsaj\u00e1t\u00edtsa az angol nyelvet. Szinte minden h\u00e9tk\u00f6znap este ment angol \u00f3r\u00e1ra. A csoport mind\u00f6ssze n\u00e9gyf\u0151s volt, \u00edgy el\u00e9g hat\u00e9konyan ment a tanul\u00e1s. Hogy mennyire hat\u00e9konyan, arr\u00f3l szem\u00e9lyesen volt alkalmam meggy\u0151z\u0151dni, ugyanis megh\u00edvtak az &#8222;\u00e9vz\u00e1r\u00f3&#8221; grill partira!<\/p>\n<p>A grillez\u00e9s Luis\u00e9kn\u00e1l ker\u00fclt megrendez\u00e9sre, most vas\u00e1rnap d\u00e9lut\u00e1n.<br \/>\nKett\u0151re sz\u00f3lt a megh\u00edv\u00f3m, de a szok\u00e1sos h\u00e9tv\u00e9gi program, a mos\u00e1s ut\u00e1n leragadtam az Internet el\u0151tt &#8211; tudj\u00e1tok, tervezem a szabads\u00e1got! Ez nem volt el\u00e9g, m\u00e9g el is t\u00e9vedtem, ugyanis a google maps navi \u00fagy tervezte meg az \u00fatvonalat, hogy k\u00f6zben \u00e1t kellett volna rep\u00fcln\u00f6m a vas\u00fat felett. Keveregtem vagy 10 percet, mire \u00e1tjutottam a vas\u00faton. A mexik\u00f3i \u00e1llamokr\u00f3l elnevezett utc\u00e1k k\u00f6z\u00f6tt kanyarogva viszont m\u00e1r k\u00f6nnyen megtal\u00e1ltam a Sonora utc\u00e1t.<br \/>\nAmikor oda\u00e9rtem, sem Pedro aut\u00f3j\u00e1t, sem grillpartira utal\u00f3 jeleket nem tapasztaltam. H\u00edvtam is Pedrot, hogy elt\u00e9vedtem! J\u00f3 helyen vagyok, nyugtatott meg. Csak elugrott n\u00e9mi k\u00f3l\u00e1t venni. \u00d6t perc \u00e9s itt van. Ahogy tiszt\u00e1ztuk a k\u00e9s\u00e9se ok\u00e1t, kil\u00e9pett az ajt\u00f3n Luis, a h\u00e1zigazda, \u00e9s mosolyogva er\u0151s\u00edtette bennem a tudatot, hogy j\u00f3 helyen j\u00e1rok. Letettem a telefont \u00e9s nagy l\u00e9ptekkel elindultam Luis fel\u00e9, hogy \u00fcdv\u00f6z\u00f6ljem. A k\u00e9zfog\u00e1s ut\u00e1n magamhoz vettem a bel\u00e9p\u0151met: egy 6-packot, \u00e9s egy zacsk\u00f3 chilis mogyor\u00f3t, amit \u00fatk\u00f6zben v\u00e1s\u00e1roltam. Befordultunk a kertbe, ahol m\u00e1r \u00e9gett a t\u0171z. Ismeritek azt az \u00e9rz\u00e9st, amikor m\u00e1r a fasz\u00e9n illat\u00e1t\u00f3l \u00f6sszefut a ny\u00e1l a sz\u00e1tokban, mert tudj\u00e1tok, hogy a k\u00f6vetkez\u0151 \u00edz, amit \u00e9rezni fogtok, a grillezett h\u00fas felejthetetlen \u00edze lesz? \u00cdgy \u00e9reztem \u00e9n is. Alig hogy le\u00fclt\u00fcnk besz\u00e9lgetni, betoppant Pedro is. Vicces l\u00e1tv\u00e1ny volt, ugyanis a feh\u00e9r abrosszal megter\u00edtett asztalon l\u00e9v\u0151 m\u00e1r vagy 6 darab 2 literes \u00fcveg k\u00f3la mell\u00e9 hozott m\u00e9g 6 darabot. Valahogy \u00f6sszekeveredhetett a ki-mit- hoz lista. Kisv\u00e1rtatva meg\u00e9rkezett az angol tan\u00e1r is, mert term\u00e9szetesen \u0151 is meg volt h\u00edvva. Danielr\u0151l megtudtam, hogy val\u00f3j\u00e1ban angol az anyanyelve, mivel az Egyes\u00fclt \u00c1llamokban sz\u00fcletett. Amikor a csal\u00e1ddal visszak\u00f6lt\u00f6ztek Mexik\u00f3ba, j\u00f3form\u00e1n \u00fajra meg kellett tanulnia spanyolul. K\u00f6zben megjelent Luis feles\u00e9ge, \u00e9s k\u00e9t l\u00e1nya is, akik l\u00e1zasan k\u00e9sz\u00edtett\u00e9k a vacsor\u00e1nkat.<br \/>\n<a href=\"http:\/\/blog.gluck.hu\/wp-content\/uploads\/2012\/05\/MG_7528_s.jpg\"><img loading=\"lazy\" decoding=\"async\" src=\"http:\/\/blog.gluck.hu\/wp-content\/uploads\/2012\/05\/MG_7528_s.jpg\" alt=\"\" title=\"\u00c9rkeznek a vend\u00e9gek... A l\u00e1nyok pedig k\u00e9sz\u00edtik a finoms\u00e1gokat...\" width=\"1024\" height=\"683\" class=\"alignnone size-full wp-image-579\" srcset=\"http:\/\/blog.glueck.hu\/wp-content\/uploads\/2012\/05\/MG_7528_s.jpg 1024w, http:\/\/blog.glueck.hu\/wp-content\/uploads\/2012\/05\/MG_7528_s-300x200.jpg 300w, http:\/\/blog.glueck.hu\/wp-content\/uploads\/2012\/05\/MG_7528_s-449x300.jpg 449w\" sizes=\"auto, (max-width: 767px) 89vw, (max-width: 1000px) 54vw, (max-width: 1071px) 543px, 580px\" \/><\/a><br \/>\n<em>Balra a z\u00f6ld p\u00f3l\u00f3s fiatalember Daniel, jobbra Luis feles\u00e9ge \u00e9s egyik l\u00e1nya. Pedrot pedig m\u00e1r ismeritek.<\/em><\/p>\n<p>Meg\u00e9rkezett Ram is, a harmadik hallgat\u00f3. Ramses matek zseni, zongorista \u00e9s maratoni fut\u00f3 is egyben. B\u00e1mulatos. Ekkor m\u00e1r csak Celina-ra v\u00e1rtunk, akinek a h\u00faga nemr\u00e9gen sz\u00fclt, \u00fagyhogy a nagy csal\u00e1di \u00f6sszej\u00f6vetel miatt k\u00e9sett egy kicsit.<br \/>\nAm\u00edg az \u00e9telre v\u00e1rtunk, bontottunk n\u00e9h\u00e1ny s\u00f6rt, \u00e9s elkezdt\u00fcnk besz\u00e9lgetni. B\u00e1r az elej\u00e9n lesz\u00f6geztem, hogy ne zavartass\u00e1k magukat miattam, nyugodtan besz\u00e9lgessenek az anyanyelv\u00fck\u00f6n. Ennek ellen\u00e9re mindenki nagyon igyekezett angolul besz\u00e9lni \u00e9s bevonni a besz\u00e9lget\u00e9sbe. Ez nagyon j\u00f3l esett, \u00edgy m\u00e1r az elej\u00e9t\u0151l nagyon j\u00f3l \u00e9reztem magam! Elk\u00e9sz\u00fclt az els\u0151 adag h\u00fas. Hatodik hete vagyok itt, de a legfinomabb mexik\u00f3i \u00e9telt csak most k\u00f3stoltam meg. Nagyon finom volt minden. M\u00e9g cs\u00edp\u0151s avok\u00e1d\u00f3 sal\u00e1t\u00e1b\u00f3l is gazdagon mertem. Nem gy\u0151ztem dics\u00e9rni a h\u00e1zigazd\u00e1t, hogy ilyen finom vacsor\u00e1val v\u00e1rt benn\u00fcnket.<br \/>\n<a href=\"http:\/\/blog.gluck.hu\/wp-content\/uploads\/2012\/05\/MG_7527_s.jpg\"><img loading=\"lazy\" decoding=\"async\" src=\"http:\/\/blog.gluck.hu\/wp-content\/uploads\/2012\/05\/MG_7527_s.jpg\" alt=\"\" title=\"Vid\u00e1man s\u00fclnek a kolb\u00e1szk\u00e1k\" width=\"1024\" height=\"683\" class=\"alignnone size-full wp-image-578\" srcset=\"http:\/\/blog.glueck.hu\/wp-content\/uploads\/2012\/05\/MG_7527_s.jpg 1024w, http:\/\/blog.glueck.hu\/wp-content\/uploads\/2012\/05\/MG_7527_s-300x200.jpg 300w, http:\/\/blog.glueck.hu\/wp-content\/uploads\/2012\/05\/MG_7527_s-449x300.jpg 449w\" sizes=\"auto, (max-width: 767px) 89vw, (max-width: 1000px) 54vw, (max-width: 1071px) 543px, 580px\" \/><\/a><br \/>\n<em>Luis Ch\u00e9f akci\u00f3 k\u00f6zben.<\/em><\/p>\n<p>K\u00f6zben megtan\u00edtottam a t\u00e1rsas\u00e1gnak a koccint\u00e1s el\u0151tt haszn\u00e1lt &#8222;eg\u00e9szs\u00e9gedre&#8221; sz\u00f3t. Azzal szoktam viccel\u0151dni, hogy ez a legegyszer\u0171bb magyar sz\u00f3, k\u00f6nnyen meg lehet tanulni. A t\u00e1rsas\u00e1g nagyon \u00fcgyes volt, est\u00e9re mindenki megtanulta. No persze koccintottunk is p\u00e1rszor, de legy\u00fcnk \u0151szint\u00e9k, csak gyakorl\u00e1ssal lehet nyelvet tanulni!<br \/>\n<a href=\"http:\/\/blog.gluck.hu\/wp-content\/uploads\/2012\/05\/MG_7529_s.jpg\"><img loading=\"lazy\" decoding=\"async\" src=\"http:\/\/blog.gluck.hu\/wp-content\/uploads\/2012\/05\/MG_7529_s.jpg\" alt=\"\" title=\"Eg\u00e9szs\u00e9gedre !\" width=\"1024\" height=\"683\" class=\"alignnone size-full wp-image-580\" srcset=\"http:\/\/blog.glueck.hu\/wp-content\/uploads\/2012\/05\/MG_7529_s.jpg 1024w, http:\/\/blog.glueck.hu\/wp-content\/uploads\/2012\/05\/MG_7529_s-300x200.jpg 300w, http:\/\/blog.glueck.hu\/wp-content\/uploads\/2012\/05\/MG_7529_s-449x300.jpg 449w\" sizes=\"auto, (max-width: 767px) 89vw, (max-width: 1000px) 54vw, (max-width: 1071px) 543px, 580px\" \/><\/a><br \/>\n<em>Eg\u00e9szs\u00e9gedre!<\/em><\/p>\n<p>A vacsi ut\u00e1n italt v\u00e1ltottunk. El\u0151 ker\u00fclt egy \u00fcveg Tradicional tequila. Nem csak \u00fagy tiszt\u00e1n ittuk, hanem Paloma &#8222;\u00f6sszet\u00e9telben&#8221;: j\u00e9ggel, Squirt nev\u0171 sz\u00e9nsavas \u00fcd\u00edt\u0151vel, lime-mal \u00e9s s\u00f3val.<br \/>\nBesz\u00e9lgett\u00fcnk minden f\u00e9l\u00e9r\u0151l. Luis megmutatta az eur\u00f3pai k\u00f6rutaz\u00e1sukr\u00f3l k\u00e9sz\u00fclt albumot is. Nem semmi k\u00f6rutaz\u00e1s volt. Spanyol, Francia, Holland, Sv\u00e1jc, Olaszorsz\u00e1g, minden f\u0151bb l\u00e1tv\u00e1nyoss\u00e1got megn\u00e9ztek n\u00e9h\u00e1ny h\u00e9t alatt!<br \/>\nCelina elpanaszkodta, hogy a diplomamunk\u00e1j\u00e1t j\u00f3 p\u00e1r \u00e9ve valaki egy az egyben lem\u00e1solta, \u00e9s hogy az egyetem eltussolta az \u00fcgyet. A m\u00e1sol\u00f3 kisiparos nemr\u00e9gen kamarai tags\u00e1ghoz folyamodott, ezzel borzolva szeg\u00e9ny l\u00e1ny idegeit. Sajn\u00e1ltam szeg\u00e9nyt, mert \u00fagy t\u0171nt, nem tudja megem\u00e9szteni a t\u00f6rt\u00e9nteket!<br \/>\n\/OFF A t\u00f6rt\u00e9net kapcs\u00e1n eszembe is jutott a k\u00f6zt\u00e1rsas\u00e1gi eln\u00f6k\u00fcnk. Szerencs\u00e9re ez a korm\u00e1ny nem hazug, nem \u00fagy, mint az el\u0151z\u0151, a volt k\u00f6zt\u00e1rsas\u00e1gi eln\u00f6k meg a leg kev\u00e9sb\u00e9 sem az. \/ON<\/p>\n<p>A j\u00f3\u00edz\u0171 palom\u00e1val \u00e9s besz\u00e9lget\u00e9ssel gyorsan telt az id\u0151. Luis beizz\u00edtotta a mosquit\u00f3k elleni citrus f\u00e1kly\u00e1j\u00e1t, ami zavartalann\u00e1 tette az esti sz\u00f3rakoz\u00e1sunkat. K\u00e9s\u0151bb azonban bek\u00f6lt\u00f6zt\u00fcnk a konyh\u00e1ba \u00e9s ott is j\u00f3kat besz\u00e9lgett\u00fcnk, nevetg\u00e9lt\u00fcnk. Az egyik t\u00e9ma az volt, hogy a spanyol nyelvben a b \u00e9s v hangok mennyire hasonl\u00edtanak. Sokszor \u0151k maguk is \u00f6sszekeverik, merthogy a kiejt\u00e9sben alig van k\u00fcl\u00f6nbs\u00e9g. Besz\u00e9lgett\u00fcnk m\u00e9g eur\u00f3pai politik\u00e1r\u00f3l \u00e9s p\u00e1rhuzamot vontam az USA-Mexik\u00f3 illetve N\u00e9metorsz\u00e1g-Magyarorsz\u00e1g tekintetben. \u0150k ugyan\u00fagy f\u00fcggenek az amcsikt\u00f3l, mint mi az uni\u00f3 p\u00e9nzeszs\u00e1kj\u00e1t\u00f3l, N\u00e9metorsz\u00e1gt\u00f3l. Nem sz\u00e1m\u00edt, hogy milyen messzire ker\u00fclsz az otthonodt\u00f3l, a vil\u00e1g m\u0171k\u00f6d\u00e9se minden\u00fctt ugyanaz. P\u00e9nz, p\u00e9nz, p\u00e9nz, sajnos ez az, ami meghat\u00e1roz mindent. A v\u00e1ls\u00e1g itt nagyon kem\u00e9nyen \u00e9rintett mindenkit, sokan elvesz\u00edtett\u00e9k munkahely\u00fcket, akik pedig megtarthatt\u00e1k, azok k\u00e9t ember helyett dolgoztak (\u00e9jjel-nappal). \u00c9n v\u00e1llalom azt a v\u00e9lem\u00e9nyemet, hogy a meggondolatlan devizahitelesek t\u00f6rt\u00e9netein k\u00edv\u00fcl nem sokat \u00e9rezt\u00fcnk az eg\u00e9szb\u0151l.<br \/>\nLuis feles\u00e9ge nagyon kedves volt. Keveset besz\u00e9lt angolul, de ann\u00e1l t\u00f6bbet \u00e9rtett. Pr\u00f3b\u00e1lt spanyolul tan\u00edtani engem, de h\u00e1t ahhoz t\u00f6bb palom\u00e1t kellett volna innom, hogy foly\u00e9konyan menjen a besz\u00e9d. \ud83d\ude42<\/p>\n<p>Az este 11 k\u00f6r\u00fcl \u00e9rt v\u00e9get. Megk\u00f6sz\u00f6nt\u00fck Luis csal\u00e1dj\u00e1nak a sz\u00edves vend\u00e9gl\u00e1t\u00e1st, \u00e9s mindenki az \u00fatj\u00e1ra eredt. \u00c9n p\u00e9ld\u00e1ul egy felejthetetlen \u00e9lm\u00e9nnyel gazdagabban!<\/p>\n","protected":false},"excerpt":{"rendered":"<p>Vas\u00e1rnap nem mindennapi megtiszteltet\u00e9sben volt r\u00e9szem! Pedro kem\u00e9nyen tanul, hogy elsaj\u00e1t\u00edtsa az angol nyelvet. Szinte minden h\u00e9tk\u00f6znap este ment angol \u00f3r\u00e1ra. A csoport mind\u00f6ssze n\u00e9gyf\u0151s volt, \u00edgy el\u00e9g hat\u00e9konyan ment a tanul\u00e1s. Hogy mennyire hat\u00e9konyan, arr\u00f3l szem\u00e9lyesen volt alkalmam meggy\u0151z\u0151dni, ugyanis megh\u00edvtak az &#8222;\u00e9vz\u00e1r\u00f3&#8221; grill partira! A grillez\u00e9s Luis\u00e9kn\u00e1l ker\u00fclt megrendez\u00e9sre, most vas\u00e1rnap d\u00e9lut\u00e1n. Kett\u0151re &hellip; <\/p>\n<p class=\"link-more\"><a href=\"http:\/\/blog.glueck.hu\/?p=553\" class=\"more-link\"><span class=\"screen-reader-text\">&#8222;Grillez\u00e9s Luis\u00e9kn\u00e1l&#8221;<\/span> b\u0151vebben<\/a><\/p>\n","protected":false},"author":3,"featured_media":0,"comment_status":"closed","ping_status":"closed","sticky":false,"template":"","format":"standard","meta":{"footnotes":""},"categories":[3],"tags":[57,55,54,56],"class_list":["post-553","post","type-post","status-publish","format-standard","hentry","category-mexico","tag-angol-tanfolyam","tag-grill","tag-luis-es-csaladja","tag-paloma"],"_links":{"self":[{"href":"http:\/\/blog.glueck.hu\/index.php?rest_route=\/wp\/v2\/posts\/553","targetHints":{"allow":["GET"]}}],"collection":[{"href":"http:\/\/blog.glueck.hu\/index.php?rest_route=\/wp\/v2\/posts"}],"about":[{"href":"http:\/\/blog.glueck.hu\/index.php?rest_route=\/wp\/v2\/types\/post"}],"author":[{"embeddable":true,"href":"http:\/\/blog.glueck.hu\/index.php?rest_route=\/wp\/v2\/users\/3"}],"replies":[{"embeddable":true,"href":"http:\/\/blog.glueck.hu\/index.php?rest_route=%2Fwp%2Fv2%2Fcomments&post=553"}],"version-history":[{"count":46,"href":"http:\/\/blog.glueck.hu\/index.php?rest_route=\/wp\/v2\/posts\/553\/revisions"}],"predecessor-version":[{"id":1069,"href":"http:\/\/blog.glueck.hu\/index.php?rest_route=\/wp\/v2\/posts\/553\/revisions\/1069"}],"wp:attachment":[{"href":"http:\/\/blog.glueck.hu\/index.php?rest_route=%2Fwp%2Fv2%2Fmedia&parent=553"}],"wp:term":[{"taxonomy":"category","embeddable":true,"href":"http:\/\/blog.glueck.hu\/index.php?rest_route=%2Fwp%2Fv2%2Fcategories&post=553"},{"taxonomy":"post_tag","embeddable":true,"href":"http:\/\/blog.glueck.hu\/index.php?rest_route=%2Fwp%2Fv2%2Ftags&post=553"}],"curies":[{"name":"wp","href":"https:\/\/api.w.org\/{rel}","templated":true}]}}