{"id":495,"date":"2012-05-17T08:00:38","date_gmt":"2012-05-17T06:00:38","guid":{"rendered":"http:\/\/blog.gluck.hu\/?p=495"},"modified":"2020-01-24T17:02:54","modified_gmt":"2020-01-24T15:02:54","slug":"etterem-ajanlo-guanajuato","status":"publish","type":"post","link":"http:\/\/blog.glueck.hu\/?p=495","title":{"rendered":"\u00c9tterem aj\u00e1nl\u00f3 &#8211; Guanajuato"},"content":{"rendered":"<p>Hogy ide eljutottam, azt is csak a munk\u00e1nak k\u00f6sz\u00f6nhetem!<\/p>\n<p>T\u00f6rt\u00e9nt ugyanis, hogy a projekt megfelel\u0151 el\u0151rehalad\u00e1sa \u00e9rdek\u00e9ben \u00fagy hat\u00e1roztunk Pedroval, hogy szombaton is dolgozunk. (megjegyzem, hogy ezzel a t\u00fal\u00f3r\u00e1val h\u00e9tf\u0151re Silao az els\u0151 helyre ugrott a mexik\u00f3i rangl\u00e9tr\u00e1n)<br \/>\nMivel t\u00fal\u00f3ra p\u00e9nz nincs, ez\u00e9rt a munk\u00e1nk ellen\u00e9rt\u00e9k\u00e9t Miguel f\u0151n\u00f6k\u00fcnknek h\u00e1la, egy finom vacsora-eb\u00e9d form\u00e1j\u00e1ban kaptuk meg. A szok\u00e1sos t\u00fal\u00f3ra kaja itt is ugyanaz, mint n\u00e1lunk: pizza. Pizza fal\u00e1s helyett Pedro javasolta, hogy ugorjunk \u00e1t Guanajuatoba, mert tud egy j\u00f3 \u00e9ttermet. Egyet\u00e9rtettem. Az eg\u00e9sz napos kem\u00e9ny munk\u00e1t egy finom eb\u00e9ddel kell dics\u00e9rn\u00fcnk. A gyomrom is rendben volt, \u00fagyhogy hajr\u00e1!<\/p>\n<p>Meg\u00e9rkezt\u00fcnk Guanajuatoba, ahol egy \u00e9rdekes parkol\u00f3h\u00e1zban siker\u00fclt letenn\u00fcnk az aut\u00f3t. A h\u00e1zirend az, hogy csak a vezet\u0151 hajthat be. Az utasoknak a soromp\u00f3 ut\u00e1ni -egy\u00e9bk\u00e9nt direkt erre a c\u00e9lra kialak\u00edtott- v\u00e1r\u00f3ban kell v\u00e1rakozniuk. \u00cdgy is lett. A gyomrom korgott, de kitart\u00f3an v\u00e1rakoztam. Pedro meg\u00e9rkezett. Egy szempillant\u00e1s alatt az \u00e9tteremn\u00e9l tal\u00e1ltuk magunkat, ami annyira felkapott, hogy v\u00e1r\u00f3list\u00e1ra ker\u00fclt\u00fcnk.<\/p>\n<p><strong>Truco 7<\/strong><br \/>\nejtsd: <em>truko sziete<\/em><\/p>\n<p>Megint v\u00e1rtunk. K\u00f6zben megn\u00e9ztem az \u00e9tlapot, hogy azzal m\u00e1r ne menjen az id\u0151, ha egyszer bejutunk. Ez hiba volt r\u00e9szemr\u0151l, aminek a gyomrom a sz\u00f3 szoros \u00e9rtelm\u00e9ben is hangot adott. V\u00e9gre, bejutottunk! Fantasztikus a hely, r\u00e9gi kacatokkal van tele. Voltak ott r\u00e9gi r\u00e1di\u00f3 k\u00e9sz\u00fcl\u00e9kek, t\u00e1rgyak, k\u00e9pek, de m\u00e9g egy Mac sz\u00e1m\u00edt\u00f3g\u00e9p is az els\u0151k k\u00f6z\u00fcl. Szuper hangulatos, t\u00e9nyleg olyan, ahogy a Lonely Planet k\u00f6nyvben -amit ez\u00faton is k\u00f6sz\u00f6n\u00f6k Robi bar\u00e1tomnak- le\u00edrj\u00e1k.<br \/>\nAki nem hiszi, j\u00e1rjon ut\u00e1na: <a href=\"http:\/\/hospederiadeltruco7.com\/restaurante.htm\" title=\"Truco 7\" target=\"_blank\" rel=\"noopener noreferrer\">http:\/\/hospederiadeltruco7.com\/restaurante.htm<\/a><br \/>\nAz a d\u00f6bbenet, hogy annak ellen\u00e9re, hogy ilyen hangulatos \u00e9s felkapott, nem dr\u00e1ga az \u00e9tterem. Leadtuk a rendel\u00e9st. <del datetime=\"2012-05-22T03:56:44+00:00\">\u00c9n m\u00e1r nem eml\u00e9kszem a v\u00e1lasztott \u00e9tel nev\u00e9re<\/del> \u00c9n Flautas de pollo-t rendeltem (k\u00f6sz\u00f6n\u00f6m az eml\u00e9keztet\u0151t Pedro), ami csirk\u00e9vel t\u00f6lt\u00f6tt tortilla volt. Megs\u00fctve, reszelt sajttal, avok\u00e1d\u00f3 \u00e9s bab kr\u00e9mmel t\u00e1lalva. Nyaaamm.<br \/>\n<a href=\"http:\/\/blog.gluck.hu\/wp-content\/uploads\/2012\/05\/IMG_20120512_182248_s.jpg\"><img loading=\"lazy\" decoding=\"async\" src=\"http:\/\/blog.gluck.hu\/wp-content\/uploads\/2012\/05\/IMG_20120512_182248_s.jpg\" alt=\"\" title=\"Fincsi\" width=\"1024\" height=\"768\" class=\"alignnone size-full wp-image-496\" srcset=\"http:\/\/blog.glueck.hu\/wp-content\/uploads\/2012\/05\/IMG_20120512_182248_s.jpg 1024w, http:\/\/blog.glueck.hu\/wp-content\/uploads\/2012\/05\/IMG_20120512_182248_s-300x225.jpg 300w, http:\/\/blog.glueck.hu\/wp-content\/uploads\/2012\/05\/IMG_20120512_182248_s-400x300.jpg 400w\" sizes=\"auto, (max-width: 767px) 89vw, (max-width: 1000px) 54vw, (max-width: 1071px) 543px, 580px\" \/><\/a><\/p>\n<p>Pedro valami furcsa \u00f6ntettel lebor\u00edtott taco-t evett. A neve: <a href=\"http:\/\/en.wikipedia.org\/wiki\/Mole_%28sauce%29\" title=\"Mole\" target=\"_blank\" rel=\"noopener noreferrer\">mole<\/a>. Ne k\u00e9rdezz\u00e9tek, mi van benne! Pedro chilit \u00e9s csokol\u00e1d\u00e9t emlegetett. Megk\u00f3stoltam, nekem egy kicsit &#8222;\u00e9gett&#8221; \u00edze volt.<\/p>\n<p>J\u00f3 hosszan besz\u00e9lgett\u00fcnk, majd tele hassal m\u00e1r sokadszorra nyakunkba vett\u00fck a v\u00e1rost. Az egyetemet m\u00e9g nem n\u00e9zt\u00fck meg k\u00f6zelr\u0151l, \u00fagyhogy egy kis l\u00e9pcs\u0151z\u00e9s (te j\u00f3 \u00e9g, hogy szerett\u00fck Mikes tan\u00e1rurat m\u00e9g a Lovassy-s id\u0151kben, amikor kiejtette ezt a sz\u00f3t) ut\u00e1n feljutottunk az egyetem bej\u00e1rat\u00e1hoz. Az itteni egyetemist\u00e1k j\u00f3 kondiban vannak, az m\u00e1r biztos!<br \/>\n<a href=\"http:\/\/blog.gluck.hu\/wp-content\/uploads\/2012\/05\/IMG_20120512_194441_s.jpg\"><img loading=\"lazy\" decoding=\"async\" src=\"http:\/\/blog.gluck.hu\/wp-content\/uploads\/2012\/05\/IMG_20120512_194441_s.jpg\" alt=\"\" title=\"Egyetem\" width=\"1024\" height=\"768\" class=\"alignnone size-full wp-image-497\" srcset=\"http:\/\/blog.glueck.hu\/wp-content\/uploads\/2012\/05\/IMG_20120512_194441_s.jpg 1024w, http:\/\/blog.glueck.hu\/wp-content\/uploads\/2012\/05\/IMG_20120512_194441_s-300x225.jpg 300w, http:\/\/blog.glueck.hu\/wp-content\/uploads\/2012\/05\/IMG_20120512_194441_s-400x300.jpg 400w\" sizes=\"auto, (max-width: 767px) 89vw, (max-width: 1000px) 54vw, (max-width: 1071px) 543px, 580px\" \/><\/a><\/p>\n<p>Mire fel\u00e9rt\u00fcnk, a nap lement&#8230;<br \/>\n<a href=\"http:\/\/blog.gluck.hu\/wp-content\/uploads\/2012\/05\/IMG_20120512_194723_s.jpg\"><img loading=\"lazy\" decoding=\"async\" src=\"http:\/\/blog.gluck.hu\/wp-content\/uploads\/2012\/05\/IMG_20120512_194723_s.jpg\" alt=\"\" title=\"Naplemente\" width=\"1024\" height=\"768\" class=\"alignnone size-full wp-image-498\" srcset=\"http:\/\/blog.glueck.hu\/wp-content\/uploads\/2012\/05\/IMG_20120512_194723_s.jpg 1024w, http:\/\/blog.glueck.hu\/wp-content\/uploads\/2012\/05\/IMG_20120512_194723_s-300x225.jpg 300w, http:\/\/blog.glueck.hu\/wp-content\/uploads\/2012\/05\/IMG_20120512_194723_s-400x300.jpg 400w\" sizes=\"auto, (max-width: 767px) 89vw, (max-width: 1000px) 54vw, (max-width: 1071px) 543px, 580px\" \/><\/a><\/p>\n<p>Az egyetem ut\u00e1n visszakanyarodtunk a f\u0151t\u00e9r fel\u00e9. Ott vannak a teraszos, ki\u00fcl\u0151s helyek! A v\u00e1ros harsogott a zenebon\u00e1t\u00f3l, valami \u00fcnneps\u00e9g volt. Az egyetemt\u0151l a templomhoz vezet\u0151 sz\u0171k utc\u00e1r\u00f3l kifordulva el\u0151r\u00e1ntottam a telefont, \u00e9s r\u00f6gz\u00edteni kezdtem:<br \/>\n<iframe loading=\"lazy\" title=\"indavideo video player\" scrolling=\"no\" class=\"indavideo-player\" id=\"player-29975979ea\" type=\"text\/html\" width=\"640\" height=\"400\" src=\"http:\/\/indavideo.hu\/player\/video\/29975979ea\" frameborder=\"0\"><\/iframe><br \/>\nPont j\u00f3kor, j\u00f3 helyen &#8211; gondoltam magamban. P\u00e1ratlan \u00e9lm\u00e9ny. Ez a v\u00e1ros&#8230; elk\u00e9peszt\u0151, hogy mennyire \u00e9l!<\/p>\n<p>A Juarez sz\u00ednh\u00e1zn\u00e1l a k\u00f6z\u00f6ns\u00e9g teljes megel\u00e9ged\u00e9s\u00e9re \u00e9ppen boh\u00f3ckodott valaki. Nagyon j\u00f3 volt a figura. Folyamatosan r\u00f6gt\u00f6nz\u00f6tt. Egy sr\u00e1c, oldal\u00e1n egy bomb\u00e1z\u00f3val haladt m\u00f6g\u00f6tte az utc\u00e1n. Mondanom sem kell, hogy messzir\u0151l kisz\u00farta. A sr\u00e1c persze \u00e9lb\u0151l h\u00e1r\u00edtott, ny\u00fajtotta a kez\u00e9t, hogy ink\u00e1bb azt fogja meg a boh\u00f3c, mintsem hogy k\u00f6zel f\u00e9rk\u0151zz\u00f6n a &#8222;f\u00e9ltett kincshez&#8221;. A boh\u00f3c vette a lapot. Adta a kez\u00e9t, majd p\u00e1r m\u00e9ter ut\u00e1n a sr\u00e1c fenek\u00e9re csapott. Hib\u00e1tlan kom\u00e9di\u00e1z\u00e1s. Mindenki j\u00f3t nevetett!<br \/>\n<a href=\"http:\/\/blog.gluck.hu\/wp-content\/uploads\/2012\/05\/IMG_20120512_200416_s.jpg\"><img loading=\"lazy\" decoding=\"async\" src=\"http:\/\/blog.gluck.hu\/wp-content\/uploads\/2012\/05\/IMG_20120512_200416_s.jpg\" alt=\"\" title=\"&quot;boh\u00f3ckodnak&quot; a Juarez sz\u00ednh\u00e1z el\u0151tt\" width=\"1024\" height=\"768\" class=\"alignnone size-full wp-image-499\" srcset=\"http:\/\/blog.glueck.hu\/wp-content\/uploads\/2012\/05\/IMG_20120512_200416_s.jpg 1024w, http:\/\/blog.glueck.hu\/wp-content\/uploads\/2012\/05\/IMG_20120512_200416_s-300x225.jpg 300w, http:\/\/blog.glueck.hu\/wp-content\/uploads\/2012\/05\/IMG_20120512_200416_s-400x300.jpg 400w\" sizes=\"auto, (max-width: 767px) 89vw, (max-width: 1000px) 54vw, (max-width: 1071px) 543px, 580px\" \/><\/a><\/p>\n<p>A boh\u00f3ckod\u00e1s ut\u00e1n be\u00fclt\u00fcnk az egyik helyre, ugyanis \u00e9ppen a Leon j\u00e1tszott. A tov\u00e1bbjut\u00e1shoz \u00f6tg\u00f3los el\u0151nyre volt sz\u00fcks\u00e9g. Mes\u00e9be ill\u0151, de 5:0 lett a v\u00e9geredm\u00e9ny! \u00cdgy Leon csapata tov\u00e1bb jutott. Az elismer\u00e9sen fel\u00fcl az\u00e9rt j\u00f3 dolog ez, mert \u00edgy Leonba j\u00f6nnek majd a nagy csapatok j\u00e1tszani, \u00fagyhogy a jegy elad\u00e1sok hamarosan az \u00e9gbe fognak sz\u00f6kni.<\/p>\n<p>u.i.:<br \/>\nSokan k\u00e9rt\u00e9tek, hogy k\u00e9sz\u00edtsek portr\u00e9kat az itteni arcokr\u00f3l. Am\u00edg ez elk\u00e9sz\u00fcl, itt egy profi fot\u00f3s gy\u0171jtem\u00e9nye. A k\u00e9peken a guanajuatoi polg\u00e1rok l\u00e1that\u00f3ak.<br \/>\n<a href=\"http:\/\/blog.gluck.hu\/wp-content\/uploads\/2012\/05\/IMG_20120512_200939_s.jpg\"><img loading=\"lazy\" decoding=\"async\" src=\"http:\/\/blog.gluck.hu\/wp-content\/uploads\/2012\/05\/IMG_20120512_200939_s.jpg\" alt=\"\" title=\"guanajuatoi arcok 1.\" width=\"768\" height=\"1024\" class=\"alignnone size-full wp-image-500\" srcset=\"http:\/\/blog.glueck.hu\/wp-content\/uploads\/2012\/05\/IMG_20120512_200939_s.jpg 768w, http:\/\/blog.glueck.hu\/wp-content\/uploads\/2012\/05\/IMG_20120512_200939_s-225x300.jpg 225w\" sizes=\"auto, (max-width: 767px) 89vw, (max-width: 1000px) 54vw, (max-width: 1071px) 543px, 580px\" \/><\/a><\/p>\n<p><a href=\"http:\/\/blog.gluck.hu\/wp-content\/uploads\/2012\/05\/IMG_20120512_201004_s.jpg\"><img loading=\"lazy\" decoding=\"async\" src=\"http:\/\/blog.gluck.hu\/wp-content\/uploads\/2012\/05\/IMG_20120512_201004_s.jpg\" alt=\"\" title=\"guanajuatoi arcok 2.\" width=\"768\" height=\"1024\" class=\"alignnone size-full wp-image-501\" srcset=\"http:\/\/blog.glueck.hu\/wp-content\/uploads\/2012\/05\/IMG_20120512_201004_s.jpg 768w, http:\/\/blog.glueck.hu\/wp-content\/uploads\/2012\/05\/IMG_20120512_201004_s-225x300.jpg 225w\" sizes=\"auto, (max-width: 767px) 89vw, (max-width: 1000px) 54vw, (max-width: 1071px) 543px, 580px\" \/><\/a><\/p>\n<p>Rem\u00e9lem, ez egy id\u0151re kiel\u00e9g\u00edti a k\u00edv\u00e1ncsis\u00e1gotokat!<\/p>\n","protected":false},"excerpt":{"rendered":"<p>Hogy ide eljutottam, azt is csak a munk\u00e1nak k\u00f6sz\u00f6nhetem! T\u00f6rt\u00e9nt ugyanis, hogy a projekt megfelel\u0151 el\u0151rehalad\u00e1sa \u00e9rdek\u00e9ben \u00fagy hat\u00e1roztunk Pedroval, hogy szombaton is dolgozunk. (megjegyzem, hogy ezzel a t\u00fal\u00f3r\u00e1val h\u00e9tf\u0151re Silao az els\u0151 helyre ugrott a mexik\u00f3i rangl\u00e9tr\u00e1n) Mivel t\u00fal\u00f3ra p\u00e9nz nincs, ez\u00e9rt a munk\u00e1nk ellen\u00e9rt\u00e9k\u00e9t Miguel f\u0151n\u00f6k\u00fcnknek h\u00e1la, egy finom vacsora-eb\u00e9d form\u00e1j\u00e1ban kaptuk meg. &hellip; <\/p>\n<p class=\"link-more\"><a href=\"http:\/\/blog.glueck.hu\/?p=495\" class=\"more-link\"><span class=\"screen-reader-text\">&#8222;\u00c9tterem aj\u00e1nl\u00f3 &#8211; Guanajuato&#8221;<\/span> b\u0151vebben<\/a><\/p>\n","protected":false},"author":3,"featured_media":0,"comment_status":"closed","ping_status":"closed","sticky":false,"template":"","format":"standard","meta":{"footnotes":""},"categories":[3],"tags":[47,44,16,46,45],"class_list":["post-495","post","type-post","status-publish","format-standard","hentry","category-mexico","tag-arcok","tag-etterem","tag-guanajuato","tag-tanc","tag-truco-7"],"_links":{"self":[{"href":"http:\/\/blog.glueck.hu\/index.php?rest_route=\/wp\/v2\/posts\/495","targetHints":{"allow":["GET"]}}],"collection":[{"href":"http:\/\/blog.glueck.hu\/index.php?rest_route=\/wp\/v2\/posts"}],"about":[{"href":"http:\/\/blog.glueck.hu\/index.php?rest_route=\/wp\/v2\/types\/post"}],"author":[{"embeddable":true,"href":"http:\/\/blog.glueck.hu\/index.php?rest_route=\/wp\/v2\/users\/3"}],"replies":[{"embeddable":true,"href":"http:\/\/blog.glueck.hu\/index.php?rest_route=%2Fwp%2Fv2%2Fcomments&post=495"}],"version-history":[{"count":20,"href":"http:\/\/blog.glueck.hu\/index.php?rest_route=\/wp\/v2\/posts\/495\/revisions"}],"predecessor-version":[{"id":1066,"href":"http:\/\/blog.glueck.hu\/index.php?rest_route=\/wp\/v2\/posts\/495\/revisions\/1066"}],"wp:attachment":[{"href":"http:\/\/blog.glueck.hu\/index.php?rest_route=%2Fwp%2Fv2%2Fmedia&parent=495"}],"wp:term":[{"taxonomy":"category","embeddable":true,"href":"http:\/\/blog.glueck.hu\/index.php?rest_route=%2Fwp%2Fv2%2Fcategories&post=495"},{"taxonomy":"post_tag","embeddable":true,"href":"http:\/\/blog.glueck.hu\/index.php?rest_route=%2Fwp%2Fv2%2Ftags&post=495"}],"curies":[{"name":"wp","href":"https:\/\/api.w.org\/{rel}","templated":true}]}}