{"id":439,"date":"2012-05-06T06:19:04","date_gmt":"2012-05-06T04:19:04","guid":{"rendered":"http:\/\/blog.gluck.hu\/?p=439"},"modified":"2020-01-24T17:02:23","modified_gmt":"2020-01-24T15:02:23","slug":"san-miguel-de-allende-es-dolores-hidalgo-avagy-eljen-majus-elseje-2","status":"publish","type":"post","link":"http:\/\/blog.glueck.hu\/?p=439","title":{"rendered":"San Miguel de Allende \u00e9s Dolores Hidalgo, avagy \u00e9ljen m\u00e1jus elseje! (2.)"},"content":{"rendered":"<p><strong>M\u00e1sodik r\u00e9sz, Dolores Hidalgo<\/strong><\/p>\n<p>San Miguel panor\u00e1m\u00e1j\u00e1nak meg\u00f6r\u00f6k\u00edt\u00e9se ut\u00e1n elindultunk Doloresbe. A v\u00e1rost a t\u00f6rt\u00e9nelmi m\u00faltja miatt k\u00f6telez\u0151 felkeresni. Nagyon j\u00f3 min\u0151s\u00e9g\u0171 \u00faton, \u00e9rdekes l\u00e1tnival\u00f3k mellett elhaladva k\u00f6zel\u00edtett\u00fcnk Dolores fel\u00e9.<br \/>\n<a href=\"http:\/\/blog.gluck.hu\/wp-content\/uploads\/2012\/05\/dolores_map.png\"><img loading=\"lazy\" decoding=\"async\" src=\"http:\/\/blog.gluck.hu\/wp-content\/uploads\/2012\/05\/dolores_map.png\" alt=\"\" title=\"Vissza\u00fat Silaoba, Dolores \u00e9rint\u00e9s\u00e9vel.\" width=\"562\" height=\"353\" class=\"alignnone size-full wp-image-451\" srcset=\"http:\/\/blog.glueck.hu\/wp-content\/uploads\/2012\/05\/dolores_map.png 562w, http:\/\/blog.glueck.hu\/wp-content\/uploads\/2012\/05\/dolores_map-300x188.png 300w, http:\/\/blog.glueck.hu\/wp-content\/uploads\/2012\/05\/dolores_map-477x300.png 477w\" sizes=\"auto, (max-width: 562px) 100vw, 562px\" \/><\/a><\/p>\n<p>Szeretek itt vezetni! Nekem itt minden \u00faj. Elmer\u00fcl\u00f6k a t\u00e1jban, vagy az \u00fat menti \u00e9p\u00fcletekben, aut\u00f3k, emberek l\u00e1tv\u00e1ny\u00e1ban &#8211; gyorsan elmegy az id\u0151. Sajnos mivel \u00e9n vezettem, f\u00e9nyk\u00e9pek nem k\u00e9sz\u00fcltek. Egy\u00fattal megfogadtam, hogy legk\u00f6zelebb Pedronak adom a vol\u00e1nt, \u00e9n pedig a k\u00f6rnyezetet fogom p\u00e1szt\u00e1zni a g\u00e9pemmel.<br \/>\nDolores h\u00edres a k\u00e9zm\u0171ves term\u00e9keir\u0151l. A v\u00e1ros bej\u00e1rat\u00e1n\u00e1l t\u00f6bb ker\u00e1mia\u00fczletet is l\u00e1ttunk. K\u00f6zelebb \u00e9rve itt is belecs\u00f6ppent\u00fcnk a v\u00e1laszt\u00e1si fiest\u00e1ba. Sz\u00ednpad, zenekar, be\u00f6lt\u00f6z\u00f6tt t\u00e1ncosok, \u00e1rusok, h\u00f6mp\u00f6lyg\u0151 t\u00f6meg. Lassan, de biztosan meg\u00e9rkezt\u00fcnk a belv\u00e1rosba, ahol hosszasan araszoltunk, mire siker\u00fclt tal\u00e1lni egy parkol\u00f3t. Jobban szeretem a c\u00e9ges aut\u00f3t z\u00e1rt helyen hagyni, ez\u00e9rt parkol\u00f3h\u00e1zakban szoktam meg\u00e1llni. Nehogy m\u00e1r pont n\u00e1lam lopj\u00e1k el, vagy karcolj\u00e1k meg az aut\u00f3t.<br \/>\nInnen gyalog folytattuk utunkat.<\/p>\n<p>\u00dat k\u00f6zben l\u00e1ttam egy \u00e9rdekes dolgot. Egy \u00f3vatlan sof\u0151r a keresztez\u0151d\u00e9shez t\u00fal k\u00f6zel parkolta le aut\u00f3j\u00e1t, \u00edgy a helyi busz nem tudott befordulni a keresztez\u0151 utc\u00e1b\u00f3l. Mik\u00f6zben szerencs\u00e9tlen sof\u0151r a tizenhetedik Y man\u0151vert pr\u00f3b\u00e1lta, a rend\u0151r n\u00e9ni el\u0151r\u00e1ntott egy elektromos csavarh\u00faz\u00f3t a bal nadr\u00e1gzseb\u00e9b\u0151l, \u00e9s kom\u00f3tosan lecsavarozta a tilos helyen parkol\u00f3 aut\u00f3 rendsz\u00e1m\u00e1t. K\u00e9rem ez itt ennyire egyszer\u0171. N\u00e1lunk a rend\u0151rs\u00e9g \u00e9s a parkol\u00f3s c\u00e9gek is hal\u00e1lra sz\u00edvatj\u00e1k magukat a ker\u00e9kbilincsekkel, meg a parkol\u00e1si b\u00edrs\u00e1gok beszed\u00e9s\u00e9vel. Le kell kapni a rendsz\u00e1mot, azt\u00e1n azzal az aut\u00f3val m\u00e1r csak a rend\u0151rs\u00e9ghez lehet menni. A b\u00edrs\u00e1g egy\u00e9bk\u00e9nt ism\u00e9telten nem dr\u00e1ga. P\u00e1r sz\u00e1z Peso. Figyelmeztetnek, nem vagdal\u00f3znak, meg nyomorba d\u00f6ntik szerencs\u00e9tlen polg\u00e1rt. N\u00e1lunk azt hiszem 30.000 Ft egy tilosban val\u00f3 parkol\u00e1s.<\/p>\n<p>Na, t\u00e9rj\u00fcnk vissza Doloresre. A f\u0151t\u00e9ren is hatalmas a banz\u00e1j. Sz\u00ednpad, zene, t\u00f6meg. A t\u00e9rr\u0151l f\u00e9nyk\u00e9pezve is l\u00e1that\u00f3 m\u00e9g a sz\u00ednpad:<br \/>\n<a href=\"http:\/\/blog.gluck.hu\/wp-content\/uploads\/2012\/05\/MG_7501_s.jpg\"><img loading=\"lazy\" decoding=\"async\" src=\"http:\/\/blog.gluck.hu\/wp-content\/uploads\/2012\/05\/MG_7501_s.jpg\" alt=\"\" title=\"Hidalgo eml\u00e9km\u0171 \u00e9s par\u00f3kia\" width=\"1024\" height=\"683\" class=\"alignnone size-full wp-image-446\" srcset=\"http:\/\/blog.glueck.hu\/wp-content\/uploads\/2012\/05\/MG_7501_s.jpg 1024w, http:\/\/blog.glueck.hu\/wp-content\/uploads\/2012\/05\/MG_7501_s-300x200.jpg 300w, http:\/\/blog.glueck.hu\/wp-content\/uploads\/2012\/05\/MG_7501_s-449x300.jpg 449w\" sizes=\"auto, (max-width: 767px) 89vw, (max-width: 1000px) 54vw, (max-width: 1071px) 543px, 580px\" \/><\/a><\/p>\n<p>Aki eddig figyelt, az m\u00e1r tudja, hogy Hidalgo, a par\u00f3kia papja ind\u00edtotta el az esem\u00e9nyeket. 1810 szeptember 16-\u00e1n reggel 5-kor megh\u00fazta a harangokat, hogy az \u00f6sszegy\u0171lt t\u00f6meget buzd\u00edtsa: Hal\u00e1l a romlott korm\u00e1nyra \u00e9s a gachupines-ekre (=a spanyol sz\u00fclet\u00e9s\u0171 h\u0171b\u00e9rurak g\u00fanyneve, akik Mexik\u00f3ban uralkodtak). Minden \u00e9v szeptember 16-\u00e1n az\u00f3ta is sokan elj\u00f6nnek, hogy megeml\u00e9kezzenek az esem\u00e9nyekr\u0151l.<\/p>\n<p>Nem t\u00fal felt\u0171n\u0151en, de az\u00e9rt ott van a fricska. A legy\u0151z\u00f6tt spanyol sereg egyik katon\u00e1ja b\u00faslakodik a fa \u00e1rny\u00e9k\u00e1ban:<br \/>\n<a href=\"http:\/\/blog.gluck.hu\/wp-content\/uploads\/2012\/05\/MG_7504_s.jpg\"><img loading=\"lazy\" decoding=\"async\" src=\"http:\/\/blog.gluck.hu\/wp-content\/uploads\/2012\/05\/MG_7504_s.jpg\" alt=\"\" title=\"bukott spanyol\" width=\"1024\" height=\"683\" class=\"alignnone size-full wp-image-445\" srcset=\"http:\/\/blog.glueck.hu\/wp-content\/uploads\/2012\/05\/MG_7504_s.jpg 1024w, http:\/\/blog.glueck.hu\/wp-content\/uploads\/2012\/05\/MG_7504_s-300x200.jpg 300w, http:\/\/blog.glueck.hu\/wp-content\/uploads\/2012\/05\/MG_7504_s-449x300.jpg 449w\" sizes=\"auto, (max-width: 767px) 89vw, (max-width: 1000px) 54vw, (max-width: 1071px) 543px, 580px\" \/><\/a><\/p>\n<p>Doloresnek sem kell sz\u00e9gyenkeznie a temploma miatt:<br \/>\n<a href=\"http:\/\/blog.gluck.hu\/wp-content\/uploads\/2012\/05\/MG_7507_s.jpg\"><img loading=\"lazy\" decoding=\"async\" src=\"http:\/\/blog.gluck.hu\/wp-content\/uploads\/2012\/05\/MG_7507_s.jpg\" alt=\"\" title=\"Parroquia de Nuestra Senora de Dolores\" width=\"1024\" height=\"683\" class=\"alignnone size-full wp-image-444\" srcset=\"http:\/\/blog.glueck.hu\/wp-content\/uploads\/2012\/05\/MG_7507_s.jpg 1024w, http:\/\/blog.glueck.hu\/wp-content\/uploads\/2012\/05\/MG_7507_s-300x200.jpg 300w, http:\/\/blog.glueck.hu\/wp-content\/uploads\/2012\/05\/MG_7507_s-449x300.jpg 449w\" sizes=\"auto, (max-width: 767px) 89vw, (max-width: 1000px) 54vw, (max-width: 1071px) 543px, 580px\" \/><\/a><\/p>\n<p>N\u00e9mi szuven\u00edr v\u00e1s\u00e1rl\u00e1s ut\u00e1n elindultunk a parkol\u00f3h\u00e1z, majd pedig Guanajuato fel\u00e9. A t\u00e9rk\u00e9pek szerint el\u00e9g kanyarg\u00f3s hegyi \u00fat v\u00e1rt r\u00e1nk. A szerpentines \u00faton balr\u00f3l sziklafal, jobbr\u00f3l szakad\u00e9k. Szalagkorl\u00e1t nem volt. Eszembe jutott a g\u00f6r\u00f6gorsz\u00e1gi kir\u00e1ndul\u00e1sunk. A vil\u00e1g k\u00f6ld\u00f6k\u00e9nek tartott Delphoi megm\u00e1sz\u00e1s\u00e1hoz 570 m magasba ment\u00fcnk fel, a szerpentinen mindenkinek hal\u00e1lf\u00e9lelme volt a buszban. Igaz, hogy ott, akkor az es\u0151 is esett, meg a hangulat is a tet\u0151fok\u00e1n volt. \u00c9n szeretem az ilyen &#8222;kalandokat&#8221;, \u00edgy van mir\u0151l mes\u00e9lni a blogban, no meg majd az unok\u00e1knak. Szeg\u00e9ny j\u00e1rg\u00e1ny k\u00f6zben tov\u00e1bb er\u0151lk\u00f6d\u00f6tt. Sz\u00f3ltam Pedronak, hogy kapcsolja \u00e1t a GPS-t, hogy mutassa a magass\u00e1got. Ekkor \u00e9rtettem meg az er\u0151tlen motort, 2700 m magasban voltunk. K\u00f6zben r\u00e1nk s\u00f6t\u00e9tedett, \u00edgy egy kellemes naplement\u00e9s k\u00e9pet is tudtunk k\u00e9sz\u00edteni:<br \/>\n<a href=\"http:\/\/blog.gluck.hu\/wp-content\/uploads\/2012\/05\/MG_7508_s.jpg\"><img loading=\"lazy\" decoding=\"async\" src=\"http:\/\/blog.gluck.hu\/wp-content\/uploads\/2012\/05\/MG_7508_s.jpg\" alt=\"\" title=\"naplemente a hegyekben\" width=\"1024\" height=\"683\" class=\"alignnone size-full wp-image-443\" srcset=\"http:\/\/blog.glueck.hu\/wp-content\/uploads\/2012\/05\/MG_7508_s.jpg 1024w, http:\/\/blog.glueck.hu\/wp-content\/uploads\/2012\/05\/MG_7508_s-300x200.jpg 300w, http:\/\/blog.glueck.hu\/wp-content\/uploads\/2012\/05\/MG_7508_s-449x300.jpg 449w\" sizes=\"auto, (max-width: 767px) 89vw, (max-width: 1000px) 54vw, (max-width: 1071px) 543px, 580px\" \/><\/a><\/p>\n<p>Tov\u00e1bb haladtunk a hegyi \u00faton, k\u00f6zben l\u00e9pten, nyomon tehenek legel\u00e9sztek az \u00fat sz\u00e9l\u00e9n, vagy haladtak \u00e1t \u00e9ppen az \u00faton. K\u00f6zeledt\u00fcnk Guanajuatohoz, m\u00e1r l\u00e1ttuk a f\u00e9nyeit.<br \/>\n<a href=\"http:\/\/blog.gluck.hu\/wp-content\/uploads\/2012\/05\/MG_7517_s.jpg\"><img loading=\"lazy\" decoding=\"async\" src=\"http:\/\/blog.gluck.hu\/wp-content\/uploads\/2012\/05\/MG_7517_s.jpg\" alt=\"\" title=\"Guanajuato f\u00e9nyei\" width=\"1024\" height=\"683\" class=\"alignnone size-full wp-image-442\" srcset=\"http:\/\/blog.glueck.hu\/wp-content\/uploads\/2012\/05\/MG_7517_s.jpg 1024w, http:\/\/blog.glueck.hu\/wp-content\/uploads\/2012\/05\/MG_7517_s-300x200.jpg 300w, http:\/\/blog.glueck.hu\/wp-content\/uploads\/2012\/05\/MG_7517_s-449x300.jpg 449w\" sizes=\"auto, (max-width: 767px) 89vw, (max-width: 1000px) 54vw, (max-width: 1071px) 543px, 580px\" \/><\/a><\/p>\n<p>K\u00e9s\u0151bb meg\u00e1lltam, hogy a hegyek k\u00f6z\u00f6tt megb\u00fav\u00f3 v\u00e1rosr\u00f3l k\u00e9sz\u00edtsek m\u00e9g n\u00e9h\u00e1ny k\u00e9pet.<br \/>\n<a href=\"http:\/\/blog.gluck.hu\/wp-content\/uploads\/2012\/05\/MG_7523_s.jpg\"><img loading=\"lazy\" decoding=\"async\" src=\"http:\/\/blog.gluck.hu\/wp-content\/uploads\/2012\/05\/MG_7523_s.jpg\" alt=\"\" title=\"Guanajuato f\u00e9nyei a hegyekb\u0151l\" width=\"1024\" height=\"683\" class=\"alignnone size-full wp-image-441\" srcset=\"http:\/\/blog.glueck.hu\/wp-content\/uploads\/2012\/05\/MG_7523_s.jpg 1024w, http:\/\/blog.glueck.hu\/wp-content\/uploads\/2012\/05\/MG_7523_s-300x200.jpg 300w, http:\/\/blog.glueck.hu\/wp-content\/uploads\/2012\/05\/MG_7523_s-449x300.jpg 449w\" sizes=\"auto, (max-width: 767px) 89vw, (max-width: 1000px) 54vw, (max-width: 1071px) 543px, 580px\" \/><\/a><\/p>\n<p>Be\u00e9rt\u00fcnk a v\u00e1rosba. Pedro a t\u0151le megszokott lelkesed\u00e9ssel bepr\u00f3b\u00e1lkozott:<br \/>\n&#8211; Nem iszunk-e meg m\u00e9g egy s\u00f6rt, ha m\u00e1r \u00fagyis itt vagyunk? &#8211; k\u00e9rdezte<br \/>\n&#8211; K\u00f6sz\u00f6n\u00f6m, nekem el\u00e9g volt a kaland m\u00e1ra, szeretn\u00e9k lepihenni! &#8211; v\u00e1laszoltam<\/p>\n<p>Valamikor 10 \u00f3ra ut\u00e1n lehetett, amikor a hotelhez \u00e9rt\u00fcnk. Ez is egy tartalmas nap volt &#8211; mentem fel a szob\u00e1mba f\u00e1radtan.<\/p>\n","protected":false},"excerpt":{"rendered":"<p>M\u00e1sodik r\u00e9sz, Dolores Hidalgo San Miguel panor\u00e1m\u00e1j\u00e1nak meg\u00f6r\u00f6k\u00edt\u00e9se ut\u00e1n elindultunk Doloresbe. A v\u00e1rost a t\u00f6rt\u00e9nelmi m\u00faltja miatt k\u00f6telez\u0151 felkeresni. Nagyon j\u00f3 min\u0151s\u00e9g\u0171 \u00faton, \u00e9rdekes l\u00e1tnival\u00f3k mellett elhaladva k\u00f6zel\u00edtett\u00fcnk Dolores fel\u00e9. Szeretek itt vezetni! Nekem itt minden \u00faj. Elmer\u00fcl\u00f6k a t\u00e1jban, vagy az \u00fat menti \u00e9p\u00fcletekben, aut\u00f3k, emberek l\u00e1tv\u00e1ny\u00e1ban &#8211; gyorsan elmegy az id\u0151. Sajnos mivel &hellip; <\/p>\n<p class=\"link-more\"><a href=\"http:\/\/blog.glueck.hu\/?p=439\" class=\"more-link\"><span class=\"screen-reader-text\">&#8222;San Miguel de Allende \u00e9s Dolores Hidalgo, avagy \u00e9ljen m\u00e1jus elseje! (2.)&#8221;<\/span> b\u0151vebben<\/a><\/p>\n","protected":false},"author":3,"featured_media":0,"comment_status":"closed","ping_status":"closed","sticky":false,"template":"","format":"standard","meta":{"footnotes":""},"categories":[3],"tags":[31,16],"class_list":["post-439","post","type-post","status-publish","format-standard","hentry","category-mexico","tag-dolores-hidalgo","tag-guanajuato"],"_links":{"self":[{"href":"http:\/\/blog.glueck.hu\/index.php?rest_route=\/wp\/v2\/posts\/439","targetHints":{"allow":["GET"]}}],"collection":[{"href":"http:\/\/blog.glueck.hu\/index.php?rest_route=\/wp\/v2\/posts"}],"about":[{"href":"http:\/\/blog.glueck.hu\/index.php?rest_route=\/wp\/v2\/types\/post"}],"author":[{"embeddable":true,"href":"http:\/\/blog.glueck.hu\/index.php?rest_route=\/wp\/v2\/users\/3"}],"replies":[{"embeddable":true,"href":"http:\/\/blog.glueck.hu\/index.php?rest_route=%2Fwp%2Fv2%2Fcomments&post=439"}],"version-history":[{"count":12,"href":"http:\/\/blog.glueck.hu\/index.php?rest_route=\/wp\/v2\/posts\/439\/revisions"}],"predecessor-version":[{"id":1062,"href":"http:\/\/blog.glueck.hu\/index.php?rest_route=\/wp\/v2\/posts\/439\/revisions\/1062"}],"wp:attachment":[{"href":"http:\/\/blog.glueck.hu\/index.php?rest_route=%2Fwp%2Fv2%2Fmedia&parent=439"}],"wp:term":[{"taxonomy":"category","embeddable":true,"href":"http:\/\/blog.glueck.hu\/index.php?rest_route=%2Fwp%2Fv2%2Fcategories&post=439"},{"taxonomy":"post_tag","embeddable":true,"href":"http:\/\/blog.glueck.hu\/index.php?rest_route=%2Fwp%2Fv2%2Ftags&post=439"}],"curies":[{"name":"wp","href":"https:\/\/api.w.org\/{rel}","templated":true}]}}