{"id":189,"date":"2012-04-22T00:44:29","date_gmt":"2012-04-21T22:44:29","guid":{"rendered":"http:\/\/blog.gluck.hu\/?p=189"},"modified":"2020-01-24T17:01:22","modified_gmt":"2020-01-24T15:01:22","slug":"guanajuato","status":"publish","type":"post","link":"http:\/\/blog.glueck.hu\/?p=189","title":{"rendered":"Guanajuato"},"content":{"rendered":"<p>A h\u00e9ten k\u00e9t k\u00f6zeli v\u00e1rosban is voltam, de a l\u00e1tottakr\u00f3l m\u00e9g nem tudtam besz\u00e1molni.<br \/>\n\u00cdme:<\/p>\n<p>Cs\u00fct\u00f6rt\u00f6k\u00f6n este Pedro koll\u00e9g\u00e1val \u00e1tment\u00fcnk a k\u00f6zeli Guanajuatoba.<br \/>\n<a href=\"http:\/\/blog.gluck.hu\/wp-content\/uploads\/2012\/04\/IMG_20120419_224428_s.jpg\"><img loading=\"lazy\" decoding=\"async\" src=\"http:\/\/blog.gluck.hu\/wp-content\/uploads\/2012\/04\/IMG_20120419_224428_s.jpg\" alt=\"\" title=\"Guanajuato \u00e9jszaka\" width=\"1024\" height=\"768\" class=\"alignnone size-full wp-image-190\" srcset=\"http:\/\/blog.glueck.hu\/wp-content\/uploads\/2012\/04\/IMG_20120419_224428_s.jpg 1024w, http:\/\/blog.glueck.hu\/wp-content\/uploads\/2012\/04\/IMG_20120419_224428_s-300x225.jpg 300w, http:\/\/blog.glueck.hu\/wp-content\/uploads\/2012\/04\/IMG_20120419_224428_s-400x300.jpg 400w\" sizes=\"auto, (max-width: 767px) 89vw, (max-width: 1000px) 54vw, (max-width: 1071px) 543px, 580px\" \/><\/a><\/p>\n<p>Guanajuato ter\u00fclet\u00e9n a spanyol id\u0151k el\u0151tt az otomik (a helyet Mo-o-ti-nak, vagyis a f\u00e9mek lel\u0151hely\u00e9nek nevezt\u00e9k az itt tal\u00e1lhat\u00f3 ez\u00fcst \u00e9s arany miatt), majd a nahu\u00e1k, k\u00e9s\u0151bb pedig nom\u00e1d t\u00f6rzsek, a chichimec\u00e1-k lakt\u00e1k. A v\u00e1ros mai neve a pur\u00e9pech\u00e1k elnevez\u00e9s\u00e9b\u0151l &#8211; Quarap-huata, vagyis a &#8222;b\u00e9k\u00e1k hegyes vid\u00e9ke&#8221; &#8211; sz\u00e1rmazik.<br \/>\n1541-ben a spanyolok gyarmatos\u00edtott\u00e1k. A telep\u00fcl\u00e9st 1570-ben alap\u00edtott\u00e1k, 1741-ben V. F\u00fcl\u00f6p spanyol kir\u00e1ly pedig v\u00e1rosi c\u00edmet adott a telep\u00fcl\u00e9snek. Benito Juarez eln\u00f6ks\u00e9ge alatt m\u00e9g Mexik\u00f3 f\u0151v\u00e1rosa is volt.<br \/>\n1810. szeptember 16-\u00e1n Hidalgo atya vezet\u00e9s\u00e9vel a k\u00f6zeli Doloresben (mai nev\u00e9n Dolores Hidalgo) megkezd\u0151d\u00f6tt a Spanyolorsz\u00e1g elleni f\u00fcggetlens\u00e9gi h\u00e1bor\u00fa. Szeptember 28-\u00e1n a 12.000-es f\u00e9rfiakb\u00f3l, n\u0151kb\u0151l \u00e9s gyerekekb\u0151l \u00e1ll\u00f3 hadsereg lerohanta az <a href=\"http:\/\/es.wikipedia.org\/wiki\/Alh%C3%B3ndiga_de_Granaditas\" title=\"La Alh\u00f3ndiga de Granaditas\" target=\"_blank\" rel=\"noopener noreferrer\">Alh\u00f3ndiga de Granaditas<\/a> nev\u0171 er\u0151d szer\u0171 magt\u00e1rol\u00f3ban v\u00e9dekez\u0151 spanyol csapatokat. A legenda szerint az egyik felkel\u0151, egy bizonyos El Pipila nev\u0171 b\u00e1ny\u00e1sz gy\u00fajtotta fel a magt\u00e1r bej\u00e1rat\u00e1t. El Pipila h\u0151stett\u00e9vel gy\u0151zelemre vezette a felkel\u0151ket, szobra a v\u00e1ros f\u00f6l\u00e9 emelkedve \u00e1ll\u00edt \u00f6r\u00f6k eml\u00e9ket a f\u00fcggetlens\u00e9gi h\u00e1bor\u00fanak.<br \/>\n<a href=\"http:\/\/blog.gluck.hu\/wp-content\/uploads\/2012\/04\/IMG_20120419_224823_s.jpg\"><img loading=\"lazy\" decoding=\"async\" src=\"http:\/\/blog.gluck.hu\/wp-content\/uploads\/2012\/04\/IMG_20120419_224823_s.jpg\" alt=\"\" title=\"El Pipila a h\u0151s b\u00e1ny\u00e1sz\" width=\"768\" height=\"1024\" class=\"alignnone size-full wp-image-191\" srcset=\"http:\/\/blog.glueck.hu\/wp-content\/uploads\/2012\/04\/IMG_20120419_224823_s.jpg 768w, http:\/\/blog.glueck.hu\/wp-content\/uploads\/2012\/04\/IMG_20120419_224823_s-225x300.jpg 225w\" sizes=\"auto, (max-width: 767px) 89vw, (max-width: 1000px) 54vw, (max-width: 1071px) 543px, 580px\" \/><\/a><\/p>\n<p>A h\u00e1bor\u00fa 1821-ben hozta meg eredm\u00e9ny\u00e9t, amikor Spanyolorsz\u00e1g k\u00e9nytelen volt Mexik\u00f3 f\u00fcggetlens\u00e9g\u00e9t elismerni.*<br \/>\nPorfirio Diaz t\u00e1bornok, aki a k\u00e9s\u0151bb Mexik\u00f3 dikt\u00e1tora lett, 1905-ben felavatta a Teatro Ju\u00e1rez-t (Ju\u00e1rez sz\u00ednh\u00e1zat), a t\u00f6rv\u00e9nyhoz\u00f3 palot\u00e1t, a b\u00e9ke \u00e9s a Hidalgo eml\u00e9km\u0171vet \u00e9s a Presa de la Esperanza duzzaszt\u00f3g\u00e1tat.<br \/>\n<a href=\"http:\/\/blog.gluck.hu\/wp-content\/uploads\/2012\/04\/IMG_20120419_230950_s.jpg\"><img loading=\"lazy\" decoding=\"async\" src=\"http:\/\/blog.gluck.hu\/wp-content\/uploads\/2012\/04\/IMG_20120419_230950_s.jpg\" alt=\"\" title=\"A Ju\u00e1rez sz\u00ednh\u00e1z\" width=\"1024\" height=\"768\" class=\"alignnone size-full wp-image-193\" srcset=\"http:\/\/blog.glueck.hu\/wp-content\/uploads\/2012\/04\/IMG_20120419_230950_s.jpg 1024w, http:\/\/blog.glueck.hu\/wp-content\/uploads\/2012\/04\/IMG_20120419_230950_s-300x225.jpg 300w, http:\/\/blog.glueck.hu\/wp-content\/uploads\/2012\/04\/IMG_20120419_230950_s-400x300.jpg 400w\" sizes=\"auto, (max-width: 767px) 89vw, (max-width: 1000px) 54vw, (max-width: 1071px) 543px, 580px\" \/><\/a><\/p>\n<p>A v\u00e1ros egyeteme 1945-ben megkapta a Guanajuatoi Egyetem nevet \u00e9s \u00e1llamilag elismert fels\u0151oktat\u00e1si int\u00e9zm\u00e9nny\u00e9 v\u00e1lt. Az egyetemnek jelenleg k\u00f6r\u00fclbel\u00fcl 30.000 hallgat\u00f3ja van.<br \/>\nA v\u00e1rosr\u00f3l nevezt\u00e9k el a sz\u00f6vets\u00e9gi \u00e1llamot is.<\/p>\n<p>Guanajuato Mexik\u00f3 egyik legfontosabb v\u00e1rosa. A t\u00f6rt\u00e9nelmi \u00f6r\u00f6ks\u00e9g, a keskeny utc\u00e1kat \u00e9s tereket minden este ellep\u0151 zen\u00e9szek, di\u00e1kok hada fantasztikus hangulatot teremt.<br \/>\n<a href=\"http:\/\/blog.gluck.hu\/wp-content\/uploads\/2012\/04\/IMG_20120419_231716_s.jpg\"><img loading=\"lazy\" decoding=\"async\" src=\"http:\/\/blog.gluck.hu\/wp-content\/uploads\/2012\/04\/IMG_20120419_231716_s.jpg\" alt=\"\" title=\"Tucatnyi ehhez hasonl\u00f3 k\u00e1v\u00e9z\u00f3, \u00e9tterem \u00e9s sz\u00f3rakoz\u00f3 hely van a v\u00e1rosban.\" width=\"1024\" height=\"768\" class=\"alignnone size-full wp-image-194\" srcset=\"http:\/\/blog.glueck.hu\/wp-content\/uploads\/2012\/04\/IMG_20120419_231716_s.jpg 1024w, http:\/\/blog.glueck.hu\/wp-content\/uploads\/2012\/04\/IMG_20120419_231716_s-300x225.jpg 300w, http:\/\/blog.glueck.hu\/wp-content\/uploads\/2012\/04\/IMG_20120419_231716_s-400x300.jpg 400w\" sizes=\"auto, (max-width: 767px) 89vw, (max-width: 1000px) 54vw, (max-width: 1071px) 543px, 580px\" \/><\/a><\/p>\n<p>Ez a keskeny s\u00e9t\u00e1ny vezet fel a belv\u00e1rosb\u00f3l az El Pipila eml\u00e9km\u0171h\u0151z.<br \/>\n<a href=\"http:\/\/blog.gluck.hu\/wp-content\/uploads\/2012\/04\/IMG_20120419_233540_s.jpg\"><img loading=\"lazy\" decoding=\"async\" src=\"http:\/\/blog.gluck.hu\/wp-content\/uploads\/2012\/04\/IMG_20120419_233540_s.jpg\" alt=\"\" title=\"A sz\u0171k utc\u00e1k hangulata mag\u00e1val ragad minden ide l\u00e1togat\u00f3t\" width=\"768\" height=\"1024\" class=\"alignnone size-full wp-image-196\" srcset=\"http:\/\/blog.glueck.hu\/wp-content\/uploads\/2012\/04\/IMG_20120419_233540_s.jpg 768w, http:\/\/blog.glueck.hu\/wp-content\/uploads\/2012\/04\/IMG_20120419_233540_s-225x300.jpg 225w\" sizes=\"auto, (max-width: 767px) 89vw, (max-width: 1000px) 54vw, (max-width: 1071px) 543px, 580px\" \/><\/a><\/p>\n<p>A vil\u00e1gon egyed\u00fcli m\u00f3don a forgalom a v\u00e1ros alatti alag\u00fatrendszerben h\u00f6mp\u00f6ly\u00f6g.<br \/>\n<a href=\"http:\/\/blog.gluck.hu\/wp-content\/uploads\/2012\/04\/IMG_20120419_225940_s.jpg\"><img loading=\"lazy\" decoding=\"async\" src=\"http:\/\/blog.gluck.hu\/wp-content\/uploads\/2012\/04\/IMG_20120419_225940_s.jpg\" alt=\"\" title=\"Alag\u00fatrendszer a v\u00e1ros alatt.\" width=\"1024\" height=\"768\" class=\"alignnone size-full wp-image-192\" srcset=\"http:\/\/blog.glueck.hu\/wp-content\/uploads\/2012\/04\/IMG_20120419_225940_s.jpg 1024w, http:\/\/blog.glueck.hu\/wp-content\/uploads\/2012\/04\/IMG_20120419_225940_s-300x225.jpg 300w, http:\/\/blog.glueck.hu\/wp-content\/uploads\/2012\/04\/IMG_20120419_225940_s-400x300.jpg 400w\" sizes=\"auto, (max-width: 767px) 89vw, (max-width: 1000px) 54vw, (max-width: 1071px) 543px, 580px\" \/><\/a><\/p>\n<p>Sz\u00e9ps\u00e9ge, t\u00f6rt\u00e9nelmi jelent\u0151s\u00e9ge \u00e9s eml\u00e9km\u0171vei miatt Guanajuatot az UNESCO 1988-ban a vil\u00e1g\u00f6r\u00f6ks\u00e9g r\u00e9sz\u00e9nek nyilv\u00e1n\u00edtotta.<\/p>\n<p><a href=\"http:\/\/blog.gluck.hu\/wp-content\/uploads\/2012\/04\/IMG_20120419_231922_s.jpg\"><img loading=\"lazy\" decoding=\"async\" src=\"http:\/\/blog.gluck.hu\/wp-content\/uploads\/2012\/04\/IMG_20120419_231922_s.jpg\" alt=\"\" title=\"\u00c9jszakai utcak\u00e9p\" width=\"1024\" height=\"768\" class=\"alignnone size-full wp-image-195\" srcset=\"http:\/\/blog.glueck.hu\/wp-content\/uploads\/2012\/04\/IMG_20120419_231922_s.jpg 1024w, http:\/\/blog.glueck.hu\/wp-content\/uploads\/2012\/04\/IMG_20120419_231922_s-300x225.jpg 300w, http:\/\/blog.glueck.hu\/wp-content\/uploads\/2012\/04\/IMG_20120419_231922_s-400x300.jpg 400w\" sizes=\"auto, (max-width: 767px) 89vw, (max-width: 1000px) 54vw, (max-width: 1071px) 543px, 580px\" \/><\/a><\/p>\n<p>A r\u00f6vid s\u00e9ta ut\u00e1n a <a href=\"http:\/\/www.guanajuatovirtual.com\/consejo\/nuevo\/bares.asp\" title=\"Van Gogh B\u00e1r\">Van Gogh b\u00e1r<\/a> k\u00fcls\u0151 terasz\u00e1n pihent\u00fcnk meg, ahol egy finom chedar-os, jalapenos nachost \u00e9s k\u00e9tf\u00e9le <a href=\"http:\/\/www.cuamoc.com\/\" title=\"Cerveza\" target=\"_blank\" rel=\"noopener noreferrer\">(Bohemia, Tecate)<\/a> itteni s\u00f6rt k\u00f3stoltam meg. \u00c9rdekess\u00e9g, hogy a s\u00f6r m\u00e9rt\u00e9kegys\u00e9ge itt 0,355 L. Nagyon hangulatos hely volt, \u00e9l\u0151 zen\u00e9vel, s\u00fcrg\u0151-forg\u00f3 pinc\u00e9rekkel, igazi mexik\u00f3i hangulattal. Ide gyakran fogunk j\u00f6nni, az biztos. Legk\u00f6zelebb hozom a rendes f\u00e9nyk\u00e9pez\u0151g\u00e9pemet is, mert van mit megmutatni.<\/p>\n<p>* Forr\u00e1s: wikipedia.org<\/p>\n","protected":false},"excerpt":{"rendered":"<p>A h\u00e9ten k\u00e9t k\u00f6zeli v\u00e1rosban is voltam, de a l\u00e1tottakr\u00f3l m\u00e9g nem tudtam besz\u00e1molni. \u00cdme: Cs\u00fct\u00f6rt\u00f6k\u00f6n este Pedro koll\u00e9g\u00e1val \u00e1tment\u00fcnk a k\u00f6zeli Guanajuatoba. Guanajuato ter\u00fclet\u00e9n a spanyol id\u0151k el\u0151tt az otomik (a helyet Mo-o-ti-nak, vagyis a f\u00e9mek lel\u0151hely\u00e9nek nevezt\u00e9k az itt tal\u00e1lhat\u00f3 ez\u00fcst \u00e9s arany miatt), majd a nahu\u00e1k, k\u00e9s\u0151bb pedig nom\u00e1d t\u00f6rzsek, a chichimec\u00e1-k &hellip; <\/p>\n<p class=\"link-more\"><a href=\"http:\/\/blog.glueck.hu\/?p=189\" class=\"more-link\"><span class=\"screen-reader-text\">&#8222;Guanajuato&#8221;<\/span> b\u0151vebben<\/a><\/p>\n","protected":false},"author":3,"featured_media":0,"comment_status":"closed","ping_status":"closed","sticky":false,"template":"","format":"standard","meta":{"footnotes":""},"categories":[3],"tags":[16],"class_list":["post-189","post","type-post","status-publish","format-standard","hentry","category-mexico","tag-guanajuato"],"_links":{"self":[{"href":"http:\/\/blog.glueck.hu\/index.php?rest_route=\/wp\/v2\/posts\/189","targetHints":{"allow":["GET"]}}],"collection":[{"href":"http:\/\/blog.glueck.hu\/index.php?rest_route=\/wp\/v2\/posts"}],"about":[{"href":"http:\/\/blog.glueck.hu\/index.php?rest_route=\/wp\/v2\/types\/post"}],"author":[{"embeddable":true,"href":"http:\/\/blog.glueck.hu\/index.php?rest_route=\/wp\/v2\/users\/3"}],"replies":[{"embeddable":true,"href":"http:\/\/blog.glueck.hu\/index.php?rest_route=%2Fwp%2Fv2%2Fcomments&post=189"}],"version-history":[{"count":25,"href":"http:\/\/blog.glueck.hu\/index.php?rest_route=\/wp\/v2\/posts\/189\/revisions"}],"predecessor-version":[{"id":1054,"href":"http:\/\/blog.glueck.hu\/index.php?rest_route=\/wp\/v2\/posts\/189\/revisions\/1054"}],"wp:attachment":[{"href":"http:\/\/blog.glueck.hu\/index.php?rest_route=%2Fwp%2Fv2%2Fmedia&parent=189"}],"wp:term":[{"taxonomy":"category","embeddable":true,"href":"http:\/\/blog.glueck.hu\/index.php?rest_route=%2Fwp%2Fv2%2Fcategories&post=189"},{"taxonomy":"post_tag","embeddable":true,"href":"http:\/\/blog.glueck.hu\/index.php?rest_route=%2Fwp%2Fv2%2Ftags&post=189"}],"curies":[{"name":"wp","href":"https:\/\/api.w.org\/{rel}","templated":true}]}}